{"id":534,"date":"2024-11-13T20:09:00","date_gmt":"2024-11-13T19:09:00","guid":{"rendered":"https:\/\/www.janabarillova.sk\/?p=534"},"modified":"2024-11-13T20:09:57","modified_gmt":"2024-11-13T19:09:57","slug":"kamen-s-menom-horolezca","status":"publish","type":"post","link":"https:\/\/www.janabarillova.sk\/?p=534","title":{"rendered":"Kame\u0148 s menom horolezca"},"content":{"rendered":"\n<p><em>Bol okt\u00f3ber. E\u0161te tepl\u00fd.<\/em><\/p>\n\n\n\n<p><em>V Tatr\u00e1ch bolo mnoho \u013eud\u00ed,<\/em><\/p>\n\n\n\n<p><em>po ve\u010deroch pri ohnisk\u00e1ch<\/em><\/p>\n\n\n\n<p><em>nevedel sa nikto nudi\u0165.<\/em><\/p>\n\n\n\n<p><em>A v pahrebe pri uhl\u00edkoch<\/em><\/p>\n\n\n\n<p><em>spomienky sa vytv\u00e1rali,<\/em><\/p>\n\n\n\n<p><em>ka\u017ed\u00e9mu tak bolo dobre.<\/em><\/p>\n\n\n\n<p><em>Vtedy sa aj \u010das spomalil.<\/em><\/p>\n\n\n\n<p><em>Bol okt\u00f3ber. Nad krajinou<\/em><\/p>\n\n\n\n<p><em>stmievalo sa. Hustla hmla.<\/em><\/p>\n\n\n\n<p><em>A vrcholy v temnom pl\u00e1\u0161ti<\/em><\/p>\n\n\n\n<p><em>kryli smutn\u00e9 tajomstv\u00e1.<\/em><\/p>\n\n\n\n<p><em>Aj ten Gerlach smutne h\u013eadel,<\/em><\/p>\n\n\n\n<p><em>na svet zhora pozeral.<\/em><\/p>\n\n\n\n<p><em>To tajomn\u00fd \u013eudsk\u00fd osud<\/em><\/p>\n\n\n\n<p><em>skr\u00fdval v svojich medzer\u00e1ch.<\/em><\/p>\n\n\n\n<p><em>Zahmlilo sa nad krajinou.<\/em><\/p>\n\n\n\n<p><em>Aj Boh c\u00edtil ten jej chlad.<\/em><\/p>\n\n\n\n<p><em>\u013dadov\u00fd dych siln\u00fdch vetrov<\/em><\/p>\n\n\n\n<p><em>hovoril v\u0161ak: \u201eM\u00e1\u0161 ich r\u00e1d!\u201c<\/em><\/p>\n\n\n\n<p><em>A tak musel za nimi \u00eds\u0165.<\/em><\/p>\n\n\n\n<p><em>Za \u00fatesmi z kame\u0148a.<\/em><\/p>\n\n\n\n<p><em>Netu\u0161il, \u017ee na zbra\u0148 mocn\u00fa<\/em><\/p>\n\n\n\n<p><em>sa pr\u00e1ve tam premenia.<\/em><\/p>\n\n\n\n<p><em>Zosunul sa kame\u0148 z kraja,<\/em><\/p>\n\n\n\n<p><em>tis\u00edc metrov padal sn\u00e1\u010f.<\/em><\/p>\n\n\n\n<p><em>Nevedeli jeho telo<\/em><\/p>\n\n\n\n<p><em>dlh\u00e9 roky vyp\u00e1tra\u0165.<\/em><\/p>\n\n\n\n<p><em>Pre\u010do i\u0161iel v ten de\u0148 hore?<\/em><\/p>\n\n\n\n<p><em>Lebo hory miloval?<\/em><\/p>\n\n\n\n<p><em>Pre\u010do umrel takou smr\u0165ou?<\/em><\/p>\n\n\n\n<p><em>Len P\u00e1n Boh ho pochoval.<\/em><\/p>\n\n\n\n<p><em>Pre neho to bola ale<\/em><\/p>\n\n\n\n<p><em>smr\u0165 kr\u00e1sna a nevinn\u00e1.<\/em><\/p>\n\n\n\n<p><em>Dnes len kame\u0148 s jeho menom<\/em><\/p>\n\n\n\n<p><em>na tento de\u0148 spom\u00edna.<\/em><\/p>\n\n\n\n<p><em>Nap\u00edsala: Jana Barillov\u00e1<\/em><\/p>\n\n\n\n<p>Viac tu:&nbsp;<a href=\"https:\/\/janbari-verse.webnode.sk\/news\/kamen-s-menom-horolezca\/?utm_source=copy&amp;utm_medium=paste&amp;utm_campaign=copypaste&amp;utm_content=https%3A%2F%2Fjanbari-verse.webnode.sk%2Fnews%2Fkamen-s-menom-horolezca%2F\">https:\/\/janbari-verse.webnode.sk\/news\/kamen-s-menom-horolezca\/<\/a><\/p>\n\n\n\n<figure class=\"wp-block-image\"><img decoding=\"async\" src=\"https:\/\/www.janabarillova.sk\/wp-content\/uploads\/2024\/11\/symbolicky-cintorin-pleso-2-150x150.jpg\" alt=\"\"\/><\/figure>\n","protected":false},"excerpt":{"rendered":"<p>Bol okt\u00f3ber. E\u0161te tepl\u00fd. V Tatr\u00e1ch bolo mnoho \u013eud\u00ed, po ve\u010deroch pri ohnisk\u00e1ch nevedel sa nikto nudi\u0165. A v pahrebe pri uhl\u00edkoch spomienky sa vytv\u00e1rali, ka\u017ed\u00e9mu tak bolo dobre. Vtedy sa aj \u010das spomalil. Bol okt\u00f3ber. Nad krajinou stmievalo sa.<\/p>\n","protected":false},"author":2,"featured_media":536,"comment_status":"open","ping_status":"open","sticky":false,"template":"","format":"standard","meta":{"_monsterinsights_skip_tracking":false,"_monsterinsights_sitenote_active":false,"_monsterinsights_sitenote_note":"","_monsterinsights_sitenote_category":0},"categories":[1],"tags":[],"aioseo_notices":[],"yoast_head":"<!-- This site is optimized with the Yoast SEO plugin v19.14 - https:\/\/yoast.com\/wordpress\/plugins\/seo\/ -->\n<title>Kame\u0148 s menom horolezca - Jana Barillov\u00e1<\/title>\n<meta name=\"robots\" content=\"index, follow, max-snippet:-1, max-image-preview:large, max-video-preview:-1\" \/>\n<link rel=\"canonical\" href=\"https:\/\/www.janabarillova.sk\/?p=534\" \/>\n<meta property=\"og:locale\" content=\"sk_SK\" \/>\n<meta property=\"og:type\" content=\"article\" \/>\n<meta property=\"og:title\" content=\"Kame\u0148 s menom horolezca - Jana Barillov\u00e1\" \/>\n<meta property=\"og:description\" content=\"Bol okt\u00f3ber. E\u0161te tepl\u00fd. V Tatr\u00e1ch bolo mnoho \u013eud\u00ed, po ve\u010deroch pri ohnisk\u00e1ch nevedel sa nikto nudi\u0165. A v pahrebe pri uhl\u00edkoch spomienky sa vytv\u00e1rali, ka\u017ed\u00e9mu tak bolo dobre. Vtedy sa aj \u010das spomalil. Bol okt\u00f3ber. Nad krajinou stmievalo sa.\" \/>\n<meta property=\"og:url\" content=\"https:\/\/www.janabarillova.sk\/?p=534\" \/>\n<meta property=\"og:site_name\" content=\"Jana Barillov\u00e1\" \/>\n<meta property=\"article:published_time\" content=\"2024-11-13T19:09:00+00:00\" \/>\n<meta property=\"article:modified_time\" content=\"2024-11-13T19:09:57+00:00\" \/>\n<meta property=\"og:image\" content=\"https:\/\/www.janabarillova.sk\/wp-content\/uploads\/2024\/11\/symbolicky-cintorin-pleso-2.jpg\" \/>\n\t<meta property=\"og:image:width\" content=\"817\" \/>\n\t<meta property=\"og:image:height\" content=\"546\" \/>\n\t<meta property=\"og:image:type\" content=\"image\/jpeg\" \/>\n<meta name=\"author\" content=\"Jana Barillova\" \/>\n<meta name=\"twitter:card\" content=\"summary_large_image\" \/>\n<meta name=\"twitter:label1\" content=\"Autor\" \/>\n\t<meta name=\"twitter:data1\" content=\"Jana Barillova\" \/>\n\t<meta name=\"twitter:label2\" content=\"Predpokladan\u00fd \u010das \u010d\u00edtania\" \/>\n\t<meta name=\"twitter:data2\" content=\"2 min\u00faty\" \/>\n<script type=\"application\/ld+json\" class=\"yoast-schema-graph\">{\"@context\":\"https:\/\/schema.org\",\"@graph\":[{\"@type\":\"Article\",\"@id\":\"https:\/\/www.janabarillova.sk\/?p=534#article\",\"isPartOf\":{\"@id\":\"https:\/\/www.janabarillova.sk\/?p=534\"},\"author\":{\"name\":\"Jana Barillova\",\"@id\":\"https:\/\/www.janabarillova.sk\/#\/schema\/person\/72a9ca08e2dd56aa1025f78e50d865d3\"},\"headline\":\"Kame\u0148 s menom horolezca\",\"datePublished\":\"2024-11-13T19:09:00+00:00\",\"dateModified\":\"2024-11-13T19:09:57+00:00\",\"mainEntityOfPage\":{\"@id\":\"https:\/\/www.janabarillova.sk\/?p=534\"},\"wordCount\":204,\"commentCount\":0,\"publisher\":{\"@id\":\"https:\/\/www.janabarillova.sk\/#organization\"},\"articleSection\":[\"Pre deti\"],\"inLanguage\":\"sk-SK\",\"potentialAction\":[{\"@type\":\"CommentAction\",\"name\":\"Comment\",\"target\":[\"https:\/\/www.janabarillova.sk\/?p=534#respond\"]}]},{\"@type\":\"WebPage\",\"@id\":\"https:\/\/www.janabarillova.sk\/?p=534\",\"url\":\"https:\/\/www.janabarillova.sk\/?p=534\",\"name\":\"Kame\u0148 s menom horolezca - Jana Barillov\u00e1\",\"isPartOf\":{\"@id\":\"https:\/\/www.janabarillova.sk\/#website\"},\"datePublished\":\"2024-11-13T19:09:00+00:00\",\"dateModified\":\"2024-11-13T19:09:57+00:00\",\"breadcrumb\":{\"@id\":\"https:\/\/www.janabarillova.sk\/?p=534#breadcrumb\"},\"inLanguage\":\"sk-SK\",\"potentialAction\":[{\"@type\":\"ReadAction\",\"target\":[\"https:\/\/www.janabarillova.sk\/?p=534\"]}]},{\"@type\":\"BreadcrumbList\",\"@id\":\"https:\/\/www.janabarillova.sk\/?p=534#breadcrumb\",\"itemListElement\":[{\"@type\":\"ListItem\",\"position\":1,\"name\":\"Home\",\"item\":\"https:\/\/www.janabarillova.sk\/\"},{\"@type\":\"ListItem\",\"position\":2,\"name\":\"Kame\u0148 s menom horolezca\"}]},{\"@type\":\"WebSite\",\"@id\":\"https:\/\/www.janabarillova.sk\/#website\",\"url\":\"https:\/\/www.janabarillova.sk\/\",\"name\":\"Jana Barillov\u00e1\",\"description\":\"B\u00e1sne nielen pre deti\",\"publisher\":{\"@id\":\"https:\/\/www.janabarillova.sk\/#organization\"},\"potentialAction\":[{\"@type\":\"SearchAction\",\"target\":{\"@type\":\"EntryPoint\",\"urlTemplate\":\"https:\/\/www.janabarillova.sk\/?s={search_term_string}\"},\"query-input\":\"required name=search_term_string\"}],\"inLanguage\":\"sk-SK\"},{\"@type\":\"Organization\",\"@id\":\"https:\/\/www.janabarillova.sk\/#organization\",\"name\":\"Jana Barillov\u00e1\",\"url\":\"https:\/\/www.janabarillova.sk\/\",\"logo\":{\"@type\":\"ImageObject\",\"inLanguage\":\"sk-SK\",\"@id\":\"https:\/\/www.janabarillova.sk\/#\/schema\/logo\/image\/\",\"url\":\"https:\/\/www.janabarillova.sk\/wp-content\/uploads\/2023\/09\/deti.png\",\"contentUrl\":\"https:\/\/www.janabarillova.sk\/wp-content\/uploads\/2023\/09\/deti.png\",\"width\":2083,\"height\":895,\"caption\":\"Jana Barillov\u00e1\"},\"image\":{\"@id\":\"https:\/\/www.janabarillova.sk\/#\/schema\/logo\/image\/\"}},{\"@type\":\"Person\",\"@id\":\"https:\/\/www.janabarillova.sk\/#\/schema\/person\/72a9ca08e2dd56aa1025f78e50d865d3\",\"name\":\"Jana Barillova\",\"image\":{\"@type\":\"ImageObject\",\"inLanguage\":\"sk-SK\",\"@id\":\"https:\/\/www.janabarillova.sk\/#\/schema\/person\/image\/\",\"url\":\"https:\/\/secure.gravatar.com\/avatar\/937f0fc6466c7a19e35463e1a4381197?s=96&d=mm&r=g\",\"contentUrl\":\"https:\/\/secure.gravatar.com\/avatar\/937f0fc6466c7a19e35463e1a4381197?s=96&d=mm&r=g\",\"caption\":\"Jana Barillova\"},\"url\":\"https:\/\/www.janabarillova.sk\/?author=2\"}]}<\/script>\n<!-- \/ Yoast SEO plugin. -->","yoast_head_json":{"title":"Kame\u0148 s menom horolezca - Jana Barillov\u00e1","robots":{"index":"index","follow":"follow","max-snippet":"max-snippet:-1","max-image-preview":"max-image-preview:large","max-video-preview":"max-video-preview:-1"},"canonical":"https:\/\/www.janabarillova.sk\/?p=534","og_locale":"sk_SK","og_type":"article","og_title":"Kame\u0148 s menom horolezca - Jana Barillov\u00e1","og_description":"Bol okt\u00f3ber. E\u0161te tepl\u00fd. V Tatr\u00e1ch bolo mnoho \u013eud\u00ed, po ve\u010deroch pri ohnisk\u00e1ch nevedel sa nikto nudi\u0165. A v pahrebe pri uhl\u00edkoch spomienky sa vytv\u00e1rali, ka\u017ed\u00e9mu tak bolo dobre. Vtedy sa aj \u010das spomalil. Bol okt\u00f3ber. Nad krajinou stmievalo sa.","og_url":"https:\/\/www.janabarillova.sk\/?p=534","og_site_name":"Jana Barillov\u00e1","article_published_time":"2024-11-13T19:09:00+00:00","article_modified_time":"2024-11-13T19:09:57+00:00","og_image":[{"width":817,"height":546,"url":"https:\/\/www.janabarillova.sk\/wp-content\/uploads\/2024\/11\/symbolicky-cintorin-pleso-2.jpg","type":"image\/jpeg"}],"author":"Jana Barillova","twitter_card":"summary_large_image","twitter_misc":{"Autor":"Jana Barillova","Predpokladan\u00fd \u010das \u010d\u00edtania":"2 min\u00faty"},"schema":{"@context":"https:\/\/schema.org","@graph":[{"@type":"Article","@id":"https:\/\/www.janabarillova.sk\/?p=534#article","isPartOf":{"@id":"https:\/\/www.janabarillova.sk\/?p=534"},"author":{"name":"Jana Barillova","@id":"https:\/\/www.janabarillova.sk\/#\/schema\/person\/72a9ca08e2dd56aa1025f78e50d865d3"},"headline":"Kame\u0148 s menom horolezca","datePublished":"2024-11-13T19:09:00+00:00","dateModified":"2024-11-13T19:09:57+00:00","mainEntityOfPage":{"@id":"https:\/\/www.janabarillova.sk\/?p=534"},"wordCount":204,"commentCount":0,"publisher":{"@id":"https:\/\/www.janabarillova.sk\/#organization"},"articleSection":["Pre deti"],"inLanguage":"sk-SK","potentialAction":[{"@type":"CommentAction","name":"Comment","target":["https:\/\/www.janabarillova.sk\/?p=534#respond"]}]},{"@type":"WebPage","@id":"https:\/\/www.janabarillova.sk\/?p=534","url":"https:\/\/www.janabarillova.sk\/?p=534","name":"Kame\u0148 s menom horolezca - Jana Barillov\u00e1","isPartOf":{"@id":"https:\/\/www.janabarillova.sk\/#website"},"datePublished":"2024-11-13T19:09:00+00:00","dateModified":"2024-11-13T19:09:57+00:00","breadcrumb":{"@id":"https:\/\/www.janabarillova.sk\/?p=534#breadcrumb"},"inLanguage":"sk-SK","potentialAction":[{"@type":"ReadAction","target":["https:\/\/www.janabarillova.sk\/?p=534"]}]},{"@type":"BreadcrumbList","@id":"https:\/\/www.janabarillova.sk\/?p=534#breadcrumb","itemListElement":[{"@type":"ListItem","position":1,"name":"Home","item":"https:\/\/www.janabarillova.sk\/"},{"@type":"ListItem","position":2,"name":"Kame\u0148 s menom horolezca"}]},{"@type":"WebSite","@id":"https:\/\/www.janabarillova.sk\/#website","url":"https:\/\/www.janabarillova.sk\/","name":"Jana Barillov\u00e1","description":"B\u00e1sne nielen pre deti","publisher":{"@id":"https:\/\/www.janabarillova.sk\/#organization"},"potentialAction":[{"@type":"SearchAction","target":{"@type":"EntryPoint","urlTemplate":"https:\/\/www.janabarillova.sk\/?s={search_term_string}"},"query-input":"required name=search_term_string"}],"inLanguage":"sk-SK"},{"@type":"Organization","@id":"https:\/\/www.janabarillova.sk\/#organization","name":"Jana Barillov\u00e1","url":"https:\/\/www.janabarillova.sk\/","logo":{"@type":"ImageObject","inLanguage":"sk-SK","@id":"https:\/\/www.janabarillova.sk\/#\/schema\/logo\/image\/","url":"https:\/\/www.janabarillova.sk\/wp-content\/uploads\/2023\/09\/deti.png","contentUrl":"https:\/\/www.janabarillova.sk\/wp-content\/uploads\/2023\/09\/deti.png","width":2083,"height":895,"caption":"Jana Barillov\u00e1"},"image":{"@id":"https:\/\/www.janabarillova.sk\/#\/schema\/logo\/image\/"}},{"@type":"Person","@id":"https:\/\/www.janabarillova.sk\/#\/schema\/person\/72a9ca08e2dd56aa1025f78e50d865d3","name":"Jana Barillova","image":{"@type":"ImageObject","inLanguage":"sk-SK","@id":"https:\/\/www.janabarillova.sk\/#\/schema\/person\/image\/","url":"https:\/\/secure.gravatar.com\/avatar\/937f0fc6466c7a19e35463e1a4381197?s=96&d=mm&r=g","contentUrl":"https:\/\/secure.gravatar.com\/avatar\/937f0fc6466c7a19e35463e1a4381197?s=96&d=mm&r=g","caption":"Jana Barillova"},"url":"https:\/\/www.janabarillova.sk\/?author=2"}]}},"_links":{"self":[{"href":"https:\/\/www.janabarillova.sk\/index.php?rest_route=\/wp\/v2\/posts\/534"}],"collection":[{"href":"https:\/\/www.janabarillova.sk\/index.php?rest_route=\/wp\/v2\/posts"}],"about":[{"href":"https:\/\/www.janabarillova.sk\/index.php?rest_route=\/wp\/v2\/types\/post"}],"author":[{"embeddable":true,"href":"https:\/\/www.janabarillova.sk\/index.php?rest_route=\/wp\/v2\/users\/2"}],"replies":[{"embeddable":true,"href":"https:\/\/www.janabarillova.sk\/index.php?rest_route=%2Fwp%2Fv2%2Fcomments&post=534"}],"version-history":[{"count":2,"href":"https:\/\/www.janabarillova.sk\/index.php?rest_route=\/wp\/v2\/posts\/534\/revisions"}],"predecessor-version":[{"id":537,"href":"https:\/\/www.janabarillova.sk\/index.php?rest_route=\/wp\/v2\/posts\/534\/revisions\/537"}],"wp:featuredmedia":[{"embeddable":true,"href":"https:\/\/www.janabarillova.sk\/index.php?rest_route=\/wp\/v2\/media\/536"}],"wp:attachment":[{"href":"https:\/\/www.janabarillova.sk\/index.php?rest_route=%2Fwp%2Fv2%2Fmedia&parent=534"}],"wp:term":[{"taxonomy":"category","embeddable":true,"href":"https:\/\/www.janabarillova.sk\/index.php?rest_route=%2Fwp%2Fv2%2Fcategories&post=534"},{"taxonomy":"post_tag","embeddable":true,"href":"https:\/\/www.janabarillova.sk\/index.php?rest_route=%2Fwp%2Fv2%2Ftags&post=534"}],"curies":[{"name":"wp","href":"https:\/\/api.w.org\/{rel}","templated":true}]}}