{"id":458,"date":"2024-01-14T15:54:53","date_gmt":"2024-01-14T14:54:53","guid":{"rendered":"https:\/\/www.janabarillova.sk\/?p=458"},"modified":"2024-01-14T15:54:53","modified_gmt":"2024-01-14T14:54:53","slug":"vcielka-emka-2","status":"publish","type":"post","link":"https:\/\/www.janabarillova.sk\/?p=458","title":{"rendered":"V\u010dielka Emka"},"content":{"rendered":"\n<p>V\u010dielka Emka r\u00e1no&nbsp;vstala<\/p>\n\n\n\n<p>a&nbsp;takto si bzukotala:<\/p>\n\n\n\n<p>\u201eJar je, sl\u00e1va! U\u017e som vonku.<\/p>\n\n\n\n<p>Sadnem na kvet, ohnem stonku.\u201c<\/p>\n\n\n\n<p>Roztvor\u00ed si kr\u00eddla. Let\u00ed.<\/p>\n\n\n\n<p>D\u00fdcha v\u00f4\u0148u l\u00fa\u010dnych kvet\u00edn<\/p>\n\n\n\n<p>a&nbsp;u\u017e sad\u00e1 na p\u00fapavu,<\/p>\n\n\n\n<p>\u010do vy\u010dnieva ponad tr\u00e1vu.<\/p>\n\n\n\n<p>Let\u00ed v\u00f4kol \u010dmeliak Jurko:<\/p>\n\n\n\n<p>\u201eOdle\u0165 pre\u010d pred jarnou b\u00farkou!<\/p>\n\n\n\n<p>U\u017e je tam, nad svahom strm\u00fdm.<\/p>\n\n\n\n<p>Po\u010duje\u0161? Ve\u010f u\u017e aj hrm\u00ed!\u201c<\/p>\n\n\n\n<p>N\u00e1hlivo jej Jurko povie<\/p>\n\n\n\n<p>a&nbsp;hne\u010f h\u013ead\u00e1 d\u00e1ke krovie,<\/p>\n\n\n\n<p>kde sa m\u00f4\u017ee ukry\u0165 iste.<\/p>\n\n\n\n<p>Chce ma\u0165 kr\u00eddla such\u00e9, \u010dist\u00e9.<\/p>\n\n\n\n<p>Emka iba m\u00e1vne rukou,<\/p>\n\n\n\n<p>\u010falej \u0161ant\u00ed nad tou l\u00fakou.<\/p>\n\n\n\n<p>Ke\u010f odrazu rany riadne!<\/p>\n\n\n\n<p>Na kr\u00eddla je \u010dosi padne.<\/p>\n\n\n\n<p>Jedna, druh\u00e1, tretia,&#8230;piata,<\/p>\n\n\n\n<p>nest\u00edha ich Emka r\u00e1ta\u0165.<\/p>\n\n\n\n<p>Ako hrachy kvapky ve\u013ek\u00e9<\/p>\n\n\n\n<p>ubli\u017euj\u00fa malej v\u010dielke.<\/p>\n\n\n\n<p>Spadne na zem mokr\u00e1 cel\u00e1,<\/p>\n\n\n\n<p>toto je na Emku ve\u013ea.<\/p>\n\n\n\n<p>S&nbsp;pla\u010dom h\u013ead\u00e1 \u00fato\u010disko,<\/p>\n\n\n\n<p>zrazu zazrie \u00fakryt bl\u00edzko.<\/p>\n\n\n\n<p>Horko, \u0165a\u017eko k&nbsp;pn\u00edku pr\u00edde,<\/p>\n\n\n\n<p>leje sa jej voda z&nbsp;kr\u00eddel,<\/p>\n\n\n\n<p>sklesl\u00e1 vojde do dutiny,<\/p>\n\n\n\n<p>kde je sucho, i&nbsp;vzduch in\u00fd.<\/p>\n\n\n\n<p>Tam skr\u010den\u00e1 sed\u00ed ticho.<\/p>\n\n\n\n<p>Jarn\u00e1 b\u00farka pre\u0161la r\u00fdchlo,<\/p>\n\n\n\n<p>a&nbsp;k\u00fdm vy\u0161lo slnko ve\u013ek\u00e9,<\/p>\n\n\n\n<p>vyschli kr\u00eddla malej v\u010dielke.<\/p>\n\n\n\n<p>U\u017e je v&nbsp;Emke op\u00e4\u0165 sila:<\/p>\n\n\n\n<p>\u201eNie\u010do sa v\u0161ak nau\u010dila &#8211;<\/p>\n\n\n\n<p>b\u00farka, ktor\u00e1 ob\u010das tu je,<\/p>\n\n\n\n<p>o&nbsp;\u017eivote rozhoduje.<\/p>\n\n\n\n<p>Kto sa pred \u0148ou neskryje,<\/p>\n\n\n\n<p>siln\u00fd d\u00e1\u017e\u010f ho ubije.<\/p>\n\n\n\n<p>B\u00farka, t\u00e1 v\u0161ak potrebn\u00e1 je,<\/p>\n\n\n\n<p>ke\u010f ovla\u017e\u00ed l\u00faky, h\u00e1je.\u201c<\/p>\n\n\n\n<p>Ke\u010f po\u010duje Emka hromy,<\/p>\n\n\n\n<p>h\u013ead\u00e1 kr\u00edky, h\u013ead\u00e1 stromy,<\/p>\n\n\n\n<p>kde sa m\u00f4\u017ee \u013eahko skry\u0165.<\/p>\n\n\n\n<p>Ve\u010f mohla aj nepre\u017ei\u0165&#8230;..<\/p>\n\n\n\n<p>Autorka: Jana Barillov\u00e1<\/p>\n\n\n\n<p>Z knihy: Z dom\u010deka pri lese<\/p>\n","protected":false},"excerpt":{"rendered":"<p>V\u010dielka Emka r\u00e1no&nbsp;vstala a&nbsp;takto si bzukotala: \u201eJar je, sl\u00e1va! U\u017e som vonku. Sadnem na kvet, ohnem stonku.\u201c Roztvor\u00ed si kr\u00eddla. Let\u00ed. D\u00fdcha v\u00f4\u0148u l\u00fa\u010dnych kvet\u00edn a&nbsp;u\u017e sad\u00e1 na p\u00fapavu, \u010do vy\u010dnieva ponad tr\u00e1vu. Let\u00ed v\u00f4kol \u010dmeliak Jurko: \u201eOdle\u0165 pre\u010d pred<\/p>\n","protected":false},"author":2,"featured_media":45,"comment_status":"open","ping_status":"open","sticky":false,"template":"","format":"standard","meta":{"_monsterinsights_skip_tracking":false,"_monsterinsights_sitenote_active":false,"_monsterinsights_sitenote_note":"","_monsterinsights_sitenote_category":0},"categories":[1],"tags":[],"aioseo_notices":[],"yoast_head":"<!-- This site is optimized with the Yoast SEO plugin v19.14 - https:\/\/yoast.com\/wordpress\/plugins\/seo\/ -->\n<title>V\u010dielka Emka - Jana Barillov\u00e1<\/title>\n<meta name=\"robots\" content=\"index, follow, max-snippet:-1, max-image-preview:large, max-video-preview:-1\" \/>\n<link rel=\"canonical\" href=\"https:\/\/www.janabarillova.sk\/?p=458\" \/>\n<meta property=\"og:locale\" content=\"sk_SK\" \/>\n<meta property=\"og:type\" content=\"article\" \/>\n<meta property=\"og:title\" content=\"V\u010dielka Emka - Jana Barillov\u00e1\" \/>\n<meta property=\"og:description\" content=\"V\u010dielka Emka r\u00e1no&nbsp;vstala a&nbsp;takto si bzukotala: \u201eJar je, sl\u00e1va! U\u017e som vonku. Sadnem na kvet, ohnem stonku.\u201c Roztvor\u00ed si kr\u00eddla. Let\u00ed. D\u00fdcha v\u00f4\u0148u l\u00fa\u010dnych kvet\u00edn a&nbsp;u\u017e sad\u00e1 na p\u00fapavu, \u010do vy\u010dnieva ponad tr\u00e1vu. Let\u00ed v\u00f4kol \u010dmeliak Jurko: \u201eOdle\u0165 pre\u010d pred\" \/>\n<meta property=\"og:url\" content=\"https:\/\/www.janabarillova.sk\/?p=458\" \/>\n<meta property=\"og:site_name\" content=\"Jana Barillov\u00e1\" \/>\n<meta property=\"article:published_time\" content=\"2024-01-14T14:54:53+00:00\" \/>\n<meta property=\"og:image\" content=\"https:\/\/www.janabarillova.sk\/wp-content\/uploads\/2023\/09\/vcela.jpg\" \/>\n\t<meta property=\"og:image:width\" content=\"392\" \/>\n\t<meta property=\"og:image:height\" content=\"262\" \/>\n\t<meta property=\"og:image:type\" content=\"image\/jpeg\" \/>\n<meta name=\"author\" content=\"Jana Barillova\" \/>\n<meta name=\"twitter:card\" content=\"summary_large_image\" \/>\n<meta name=\"twitter:label1\" content=\"Autor\" \/>\n\t<meta name=\"twitter:data1\" content=\"Jana Barillova\" \/>\n\t<meta name=\"twitter:label2\" content=\"Predpokladan\u00fd \u010das \u010d\u00edtania\" \/>\n\t<meta name=\"twitter:data2\" content=\"2 min\u00faty\" \/>\n<script type=\"application\/ld+json\" class=\"yoast-schema-graph\">{\"@context\":\"https:\/\/schema.org\",\"@graph\":[{\"@type\":\"Article\",\"@id\":\"https:\/\/www.janabarillova.sk\/?p=458#article\",\"isPartOf\":{\"@id\":\"https:\/\/www.janabarillova.sk\/?p=458\"},\"author\":{\"name\":\"Jana Barillova\",\"@id\":\"https:\/\/www.janabarillova.sk\/#\/schema\/person\/72a9ca08e2dd56aa1025f78e50d865d3\"},\"headline\":\"V\u010dielka Emka\",\"datePublished\":\"2024-01-14T14:54:53+00:00\",\"dateModified\":\"2024-01-14T14:54:53+00:00\",\"mainEntityOfPage\":{\"@id\":\"https:\/\/www.janabarillova.sk\/?p=458\"},\"wordCount\":303,\"commentCount\":0,\"publisher\":{\"@id\":\"https:\/\/www.janabarillova.sk\/#organization\"},\"articleSection\":[\"Pre deti\"],\"inLanguage\":\"sk-SK\",\"potentialAction\":[{\"@type\":\"CommentAction\",\"name\":\"Comment\",\"target\":[\"https:\/\/www.janabarillova.sk\/?p=458#respond\"]}]},{\"@type\":\"WebPage\",\"@id\":\"https:\/\/www.janabarillova.sk\/?p=458\",\"url\":\"https:\/\/www.janabarillova.sk\/?p=458\",\"name\":\"V\u010dielka Emka - Jana Barillov\u00e1\",\"isPartOf\":{\"@id\":\"https:\/\/www.janabarillova.sk\/#website\"},\"datePublished\":\"2024-01-14T14:54:53+00:00\",\"dateModified\":\"2024-01-14T14:54:53+00:00\",\"breadcrumb\":{\"@id\":\"https:\/\/www.janabarillova.sk\/?p=458#breadcrumb\"},\"inLanguage\":\"sk-SK\",\"potentialAction\":[{\"@type\":\"ReadAction\",\"target\":[\"https:\/\/www.janabarillova.sk\/?p=458\"]}]},{\"@type\":\"BreadcrumbList\",\"@id\":\"https:\/\/www.janabarillova.sk\/?p=458#breadcrumb\",\"itemListElement\":[{\"@type\":\"ListItem\",\"position\":1,\"name\":\"Home\",\"item\":\"https:\/\/www.janabarillova.sk\/\"},{\"@type\":\"ListItem\",\"position\":2,\"name\":\"V\u010dielka Emka\"}]},{\"@type\":\"WebSite\",\"@id\":\"https:\/\/www.janabarillova.sk\/#website\",\"url\":\"https:\/\/www.janabarillova.sk\/\",\"name\":\"Jana Barillov\u00e1\",\"description\":\"B\u00e1sne nielen pre deti\",\"publisher\":{\"@id\":\"https:\/\/www.janabarillova.sk\/#organization\"},\"potentialAction\":[{\"@type\":\"SearchAction\",\"target\":{\"@type\":\"EntryPoint\",\"urlTemplate\":\"https:\/\/www.janabarillova.sk\/?s={search_term_string}\"},\"query-input\":\"required name=search_term_string\"}],\"inLanguage\":\"sk-SK\"},{\"@type\":\"Organization\",\"@id\":\"https:\/\/www.janabarillova.sk\/#organization\",\"name\":\"Jana Barillov\u00e1\",\"url\":\"https:\/\/www.janabarillova.sk\/\",\"logo\":{\"@type\":\"ImageObject\",\"inLanguage\":\"sk-SK\",\"@id\":\"https:\/\/www.janabarillova.sk\/#\/schema\/logo\/image\/\",\"url\":\"https:\/\/www.janabarillova.sk\/wp-content\/uploads\/2023\/09\/deti.png\",\"contentUrl\":\"https:\/\/www.janabarillova.sk\/wp-content\/uploads\/2023\/09\/deti.png\",\"width\":2083,\"height\":895,\"caption\":\"Jana Barillov\u00e1\"},\"image\":{\"@id\":\"https:\/\/www.janabarillova.sk\/#\/schema\/logo\/image\/\"}},{\"@type\":\"Person\",\"@id\":\"https:\/\/www.janabarillova.sk\/#\/schema\/person\/72a9ca08e2dd56aa1025f78e50d865d3\",\"name\":\"Jana Barillova\",\"image\":{\"@type\":\"ImageObject\",\"inLanguage\":\"sk-SK\",\"@id\":\"https:\/\/www.janabarillova.sk\/#\/schema\/person\/image\/\",\"url\":\"https:\/\/secure.gravatar.com\/avatar\/937f0fc6466c7a19e35463e1a4381197?s=96&d=mm&r=g\",\"contentUrl\":\"https:\/\/secure.gravatar.com\/avatar\/937f0fc6466c7a19e35463e1a4381197?s=96&d=mm&r=g\",\"caption\":\"Jana Barillova\"},\"url\":\"https:\/\/www.janabarillova.sk\/?author=2\"}]}<\/script>\n<!-- \/ Yoast SEO plugin. -->","yoast_head_json":{"title":"V\u010dielka Emka - Jana Barillov\u00e1","robots":{"index":"index","follow":"follow","max-snippet":"max-snippet:-1","max-image-preview":"max-image-preview:large","max-video-preview":"max-video-preview:-1"},"canonical":"https:\/\/www.janabarillova.sk\/?p=458","og_locale":"sk_SK","og_type":"article","og_title":"V\u010dielka Emka - Jana Barillov\u00e1","og_description":"V\u010dielka Emka r\u00e1no&nbsp;vstala a&nbsp;takto si bzukotala: \u201eJar je, sl\u00e1va! U\u017e som vonku. Sadnem na kvet, ohnem stonku.\u201c Roztvor\u00ed si kr\u00eddla. Let\u00ed. D\u00fdcha v\u00f4\u0148u l\u00fa\u010dnych kvet\u00edn a&nbsp;u\u017e sad\u00e1 na p\u00fapavu, \u010do vy\u010dnieva ponad tr\u00e1vu. Let\u00ed v\u00f4kol \u010dmeliak Jurko: \u201eOdle\u0165 pre\u010d pred","og_url":"https:\/\/www.janabarillova.sk\/?p=458","og_site_name":"Jana Barillov\u00e1","article_published_time":"2024-01-14T14:54:53+00:00","og_image":[{"width":392,"height":262,"url":"https:\/\/www.janabarillova.sk\/wp-content\/uploads\/2023\/09\/vcela.jpg","type":"image\/jpeg"}],"author":"Jana Barillova","twitter_card":"summary_large_image","twitter_misc":{"Autor":"Jana Barillova","Predpokladan\u00fd \u010das \u010d\u00edtania":"2 min\u00faty"},"schema":{"@context":"https:\/\/schema.org","@graph":[{"@type":"Article","@id":"https:\/\/www.janabarillova.sk\/?p=458#article","isPartOf":{"@id":"https:\/\/www.janabarillova.sk\/?p=458"},"author":{"name":"Jana Barillova","@id":"https:\/\/www.janabarillova.sk\/#\/schema\/person\/72a9ca08e2dd56aa1025f78e50d865d3"},"headline":"V\u010dielka Emka","datePublished":"2024-01-14T14:54:53+00:00","dateModified":"2024-01-14T14:54:53+00:00","mainEntityOfPage":{"@id":"https:\/\/www.janabarillova.sk\/?p=458"},"wordCount":303,"commentCount":0,"publisher":{"@id":"https:\/\/www.janabarillova.sk\/#organization"},"articleSection":["Pre deti"],"inLanguage":"sk-SK","potentialAction":[{"@type":"CommentAction","name":"Comment","target":["https:\/\/www.janabarillova.sk\/?p=458#respond"]}]},{"@type":"WebPage","@id":"https:\/\/www.janabarillova.sk\/?p=458","url":"https:\/\/www.janabarillova.sk\/?p=458","name":"V\u010dielka Emka - Jana Barillov\u00e1","isPartOf":{"@id":"https:\/\/www.janabarillova.sk\/#website"},"datePublished":"2024-01-14T14:54:53+00:00","dateModified":"2024-01-14T14:54:53+00:00","breadcrumb":{"@id":"https:\/\/www.janabarillova.sk\/?p=458#breadcrumb"},"inLanguage":"sk-SK","potentialAction":[{"@type":"ReadAction","target":["https:\/\/www.janabarillova.sk\/?p=458"]}]},{"@type":"BreadcrumbList","@id":"https:\/\/www.janabarillova.sk\/?p=458#breadcrumb","itemListElement":[{"@type":"ListItem","position":1,"name":"Home","item":"https:\/\/www.janabarillova.sk\/"},{"@type":"ListItem","position":2,"name":"V\u010dielka Emka"}]},{"@type":"WebSite","@id":"https:\/\/www.janabarillova.sk\/#website","url":"https:\/\/www.janabarillova.sk\/","name":"Jana Barillov\u00e1","description":"B\u00e1sne nielen pre deti","publisher":{"@id":"https:\/\/www.janabarillova.sk\/#organization"},"potentialAction":[{"@type":"SearchAction","target":{"@type":"EntryPoint","urlTemplate":"https:\/\/www.janabarillova.sk\/?s={search_term_string}"},"query-input":"required name=search_term_string"}],"inLanguage":"sk-SK"},{"@type":"Organization","@id":"https:\/\/www.janabarillova.sk\/#organization","name":"Jana Barillov\u00e1","url":"https:\/\/www.janabarillova.sk\/","logo":{"@type":"ImageObject","inLanguage":"sk-SK","@id":"https:\/\/www.janabarillova.sk\/#\/schema\/logo\/image\/","url":"https:\/\/www.janabarillova.sk\/wp-content\/uploads\/2023\/09\/deti.png","contentUrl":"https:\/\/www.janabarillova.sk\/wp-content\/uploads\/2023\/09\/deti.png","width":2083,"height":895,"caption":"Jana Barillov\u00e1"},"image":{"@id":"https:\/\/www.janabarillova.sk\/#\/schema\/logo\/image\/"}},{"@type":"Person","@id":"https:\/\/www.janabarillova.sk\/#\/schema\/person\/72a9ca08e2dd56aa1025f78e50d865d3","name":"Jana Barillova","image":{"@type":"ImageObject","inLanguage":"sk-SK","@id":"https:\/\/www.janabarillova.sk\/#\/schema\/person\/image\/","url":"https:\/\/secure.gravatar.com\/avatar\/937f0fc6466c7a19e35463e1a4381197?s=96&d=mm&r=g","contentUrl":"https:\/\/secure.gravatar.com\/avatar\/937f0fc6466c7a19e35463e1a4381197?s=96&d=mm&r=g","caption":"Jana Barillova"},"url":"https:\/\/www.janabarillova.sk\/?author=2"}]}},"_links":{"self":[{"href":"https:\/\/www.janabarillova.sk\/index.php?rest_route=\/wp\/v2\/posts\/458"}],"collection":[{"href":"https:\/\/www.janabarillova.sk\/index.php?rest_route=\/wp\/v2\/posts"}],"about":[{"href":"https:\/\/www.janabarillova.sk\/index.php?rest_route=\/wp\/v2\/types\/post"}],"author":[{"embeddable":true,"href":"https:\/\/www.janabarillova.sk\/index.php?rest_route=\/wp\/v2\/users\/2"}],"replies":[{"embeddable":true,"href":"https:\/\/www.janabarillova.sk\/index.php?rest_route=%2Fwp%2Fv2%2Fcomments&post=458"}],"version-history":[{"count":1,"href":"https:\/\/www.janabarillova.sk\/index.php?rest_route=\/wp\/v2\/posts\/458\/revisions"}],"predecessor-version":[{"id":459,"href":"https:\/\/www.janabarillova.sk\/index.php?rest_route=\/wp\/v2\/posts\/458\/revisions\/459"}],"wp:featuredmedia":[{"embeddable":true,"href":"https:\/\/www.janabarillova.sk\/index.php?rest_route=\/wp\/v2\/media\/45"}],"wp:attachment":[{"href":"https:\/\/www.janabarillova.sk\/index.php?rest_route=%2Fwp%2Fv2%2Fmedia&parent=458"}],"wp:term":[{"taxonomy":"category","embeddable":true,"href":"https:\/\/www.janabarillova.sk\/index.php?rest_route=%2Fwp%2Fv2%2Fcategories&post=458"},{"taxonomy":"post_tag","embeddable":true,"href":"https:\/\/www.janabarillova.sk\/index.php?rest_route=%2Fwp%2Fv2%2Ftags&post=458"}],"curies":[{"name":"wp","href":"https:\/\/api.w.org\/{rel}","templated":true}]}}