{"id":444,"date":"2024-01-14T15:38:27","date_gmt":"2024-01-14T14:38:27","guid":{"rendered":"https:\/\/www.janabarillova.sk\/?p=444"},"modified":"2024-01-14T15:39:09","modified_gmt":"2024-01-14T14:39:09","slug":"desiata","status":"publish","type":"post","link":"https:\/\/www.janabarillova.sk\/?p=444","title":{"rendered":"Desiata"},"content":{"rendered":"\n<p><strong>Jo\u017eko Nov\u00e1k, \u017eia\u010dik mal\u00fd<\/strong><\/p>\n\n\n\n<p class=\"has-medium-font-size\">raz si v&nbsp;\u0161kole nerozbalil<\/p>\n\n\n\n<p class=\"has-medium-font-size\">svoju chutn\u00fa desiatu.<\/p>\n\n\n\n<p class=\"has-medium-font-size\">Tak ju riadne odstat\u00fa<\/p>\n\n\n\n<p class=\"has-medium-font-size\">po dvoch t\u00fd\u017ed\u0148och na\u0161iel v&nbsp;ta\u0161ke.<\/p>\n\n\n\n<p class=\"has-medium-font-size\">Za\u010dali mu chv\u00edle \u0165a\u017ek\u00e9.<\/p>\n\n\n\n<p class=\"has-medium-font-size\">Pri\u0161la na to jeho mamka:<\/p>\n\n\n\n<p class=\"has-medium-font-size\">\u201eProti tvojim r\u00f4znym zn\u00e1mkam<\/p>\n\n\n\n<p class=\"has-medium-font-size\">niekedy u\u017e sily nem\u00e1m.<\/p>\n\n\n\n<p class=\"has-medium-font-size\">No n\u00e1js\u0165 v&nbsp;ta\u0161ke krajec chleba,<\/p>\n\n\n\n<p class=\"has-medium-font-size\">\u010do je cel\u00fd zelen\u00fd,<\/p>\n\n\n\n<p class=\"has-medium-font-size\">to je pre\u010din strelen\u00fd.\u201c<\/p>\n\n\n\n<p class=\"has-medium-font-size\">Jej monol\u00f3g dlho trval:<\/p>\n\n\n\n<p class=\"has-medium-font-size\">\u201eToto nie je ale prv\u00e1<\/p>\n\n\n\n<p class=\"has-medium-font-size\">nezjeden\u00e1 desiata.<\/p>\n\n\n\n<p class=\"has-medium-font-size\">Na prstoch ich por\u00e1ta\u0165<\/p>\n\n\n\n<p class=\"has-medium-font-size\">Neviem v\u0161etky za tie roky.<\/p>\n\n\n\n<p class=\"has-medium-font-size\">Nedostane\u0161 \u010fal\u0161iu, pok\u00fdm<\/p>\n\n\n\n<p class=\"has-medium-font-size\">si ty v&nbsp;hlave uvedom\u00ed\u0161,<\/p>\n\n\n\n<p class=\"has-medium-font-size\">\u010do zl\u00e9 t\u00fdmto \u013eudstvu rob\u00ed\u0161.<\/p>\n\n\n\n<p class=\"has-medium-font-size\">V&nbsp;Afrike s\u00fa deti hladn\u00e9,<\/p>\n\n\n\n<p class=\"has-medium-font-size\">ich rodi\u010dia z&nbsp;toho na dne.<\/p>\n\n\n\n<p class=\"has-medium-font-size\">Ty m\u00e1\u0161 v\u0161etko, \u010do len chce\u0161.<\/p>\n\n\n\n<p class=\"has-medium-font-size\">Staraj sa, \u010do od dnes zje\u0161!\u201c<\/p>\n\n\n\n<p class=\"has-medium-font-size\">Jo\u017eo na to chv\u00ed\u013eu myslel,<\/p>\n\n\n\n<p class=\"has-medium-font-size\">ba str\u00fahal aj tv\u00e1re kysl\u00e9.<\/p>\n\n\n\n<p class=\"has-medium-font-size\">No ke\u010f mama odi\u0161la,<\/p>\n\n\n\n<p class=\"has-medium-font-size\">hne\u010f nad in\u00fdm prem\u00fd\u0161\u013eal.<\/p>\n\n\n\n<p class=\"has-medium-font-size\">Ve\u010der telka bav\u00ed Jo\u017ea.<\/p>\n\n\n\n<p class=\"has-medium-font-size\">Film o&nbsp;de\u0165och \u2013 kos\u0165 a&nbsp;ko\u017ea<\/p>\n\n\n\n<p class=\"has-medium-font-size\">zaujme ho od za\u010diatku.<\/p>\n\n\n\n<p class=\"has-medium-font-size\">Vid\u00ed die\u0165a, jeho matku,<\/p>\n\n\n\n<p class=\"has-medium-font-size\">ako \u017eij\u00fa bez potrav\u00edn.<\/p>\n\n\n\n<p class=\"has-medium-font-size\">Na druh\u00fd de\u0148 Jo\u017eo vrav\u00ed:<\/p>\n\n\n\n<p class=\"has-medium-font-size\">\u201eMamka moja, m\u00e1\u0161 ty pravdu.<\/p>\n\n\n\n<p class=\"has-medium-font-size\">Chlieb mi d\u00e1va\u0161 nie pre srandu,<\/p>\n\n\n\n<p class=\"has-medium-font-size\">ale aby som bol zdrav\u00fd.<\/p>\n\n\n\n<p class=\"has-medium-font-size\">To je zmysel jedla prav\u00fd.\u201c<\/p>\n\n\n\n<p class=\"has-medium-font-size\">Usmeje sa na\u0148ho mama,<\/p>\n\n\n\n<p class=\"has-medium-font-size\">vie, \u017ee jej syn nezaklamal.<\/p>\n\n\n\n<p class=\"has-medium-font-size\">\u201ePochopil ma, moje re\u010di,\u201c<\/p>\n\n\n\n<p class=\"has-medium-font-size\">v&nbsp;duchu sa dnes mama te\u0161\u00ed.<\/p>\n\n\n\n<p class=\"has-medium-font-size\">A&nbsp;naozaj, od d\u0148a toho<\/p>\n\n\n\n<p class=\"has-medium-font-size\">zelen\u00fd chlieb dostal zbohom.<\/p>\n\n\n\n<p class=\"has-medium-font-size\">Uvedomi\u0165 si n\u00e1m treba,<\/p>\n\n\n\n<p class=\"has-medium-font-size\">\u017ee je \u0165a\u017ek\u00e9 \u017ei\u0165 bez chleba,<\/p>\n\n\n\n<p class=\"has-medium-font-size\">bez vody i&nbsp;bez potrav\u00edn.<\/p>\n\n\n\n<p class=\"has-medium-font-size\">Bu\u010fme v\u010fa\u010dn\u00ed, \u017ee sme zdrav\u00ed.<\/p>\n\n\n\n<p class=\"has-medium-font-size\">Jana Barillov\u00e1<\/p>\n\n\n\n<p>Z knihy Z dom\u010deka pri lese<\/p>\n","protected":false},"excerpt":{"rendered":"<p>Jo\u017eko Nov\u00e1k, \u017eia\u010dik mal\u00fd raz si v&nbsp;\u0161kole nerozbalil svoju chutn\u00fa desiatu. Tak ju riadne odstat\u00fa po dvoch t\u00fd\u017ed\u0148och na\u0161iel v&nbsp;ta\u0161ke. Za\u010dali mu chv\u00edle \u0165a\u017ek\u00e9. Pri\u0161la na to jeho mamka: \u201eProti tvojim r\u00f4znym zn\u00e1mkam niekedy u\u017e sily nem\u00e1m. No n\u00e1js\u0165 v&nbsp;ta\u0161ke<\/p>\n","protected":false},"author":2,"featured_media":81,"comment_status":"open","ping_status":"open","sticky":false,"template":"","format":"standard","meta":{"_monsterinsights_skip_tracking":false,"_monsterinsights_sitenote_active":false,"_monsterinsights_sitenote_note":"","_monsterinsights_sitenote_category":0},"categories":[1],"tags":[],"aioseo_notices":[],"yoast_head":"<!-- This site is optimized with the Yoast SEO plugin v19.14 - https:\/\/yoast.com\/wordpress\/plugins\/seo\/ -->\n<title>Desiata - Jana Barillov\u00e1<\/title>\n<meta name=\"robots\" content=\"index, follow, max-snippet:-1, max-image-preview:large, max-video-preview:-1\" \/>\n<link rel=\"canonical\" href=\"https:\/\/www.janabarillova.sk\/?p=444\" \/>\n<meta property=\"og:locale\" content=\"sk_SK\" \/>\n<meta property=\"og:type\" content=\"article\" \/>\n<meta property=\"og:title\" content=\"Desiata - Jana Barillov\u00e1\" \/>\n<meta property=\"og:description\" content=\"Jo\u017eko Nov\u00e1k, \u017eia\u010dik mal\u00fd raz si v&nbsp;\u0161kole nerozbalil svoju chutn\u00fa desiatu. Tak ju riadne odstat\u00fa po dvoch t\u00fd\u017ed\u0148och na\u0161iel v&nbsp;ta\u0161ke. Za\u010dali mu chv\u00edle \u0165a\u017ek\u00e9. Pri\u0161la na to jeho mamka: \u201eProti tvojim r\u00f4znym zn\u00e1mkam niekedy u\u017e sily nem\u00e1m. No n\u00e1js\u0165 v&nbsp;ta\u0161ke\" \/>\n<meta property=\"og:url\" content=\"https:\/\/www.janabarillova.sk\/?p=444\" \/>\n<meta property=\"og:site_name\" content=\"Jana Barillov\u00e1\" \/>\n<meta property=\"article:published_time\" content=\"2024-01-14T14:38:27+00:00\" \/>\n<meta property=\"article:modified_time\" content=\"2024-01-14T14:39:09+00:00\" \/>\n<meta property=\"og:image\" content=\"https:\/\/www.janabarillova.sk\/wp-content\/uploads\/2023\/09\/chlapec-ziak-skolak-ranajky-desiata-sendvic-jablko-nestandard1.jpg\" \/>\n\t<meta property=\"og:image:width\" content=\"1200\" \/>\n\t<meta property=\"og:image:height\" content=\"1597\" \/>\n\t<meta property=\"og:image:type\" content=\"image\/jpeg\" \/>\n<meta name=\"author\" content=\"Jana Barillova\" \/>\n<meta name=\"twitter:card\" content=\"summary_large_image\" \/>\n<meta name=\"twitter:label1\" content=\"Autor\" \/>\n\t<meta name=\"twitter:data1\" content=\"Jana Barillova\" \/>\n\t<meta name=\"twitter:label2\" content=\"Predpokladan\u00fd \u010das \u010d\u00edtania\" \/>\n\t<meta name=\"twitter:data2\" content=\"2 min\u00faty\" \/>\n<script type=\"application\/ld+json\" class=\"yoast-schema-graph\">{\"@context\":\"https:\/\/schema.org\",\"@graph\":[{\"@type\":\"Article\",\"@id\":\"https:\/\/www.janabarillova.sk\/?p=444#article\",\"isPartOf\":{\"@id\":\"https:\/\/www.janabarillova.sk\/?p=444\"},\"author\":{\"name\":\"Jana Barillova\",\"@id\":\"https:\/\/www.janabarillova.sk\/#\/schema\/person\/72a9ca08e2dd56aa1025f78e50d865d3\"},\"headline\":\"Desiata\",\"datePublished\":\"2024-01-14T14:38:27+00:00\",\"dateModified\":\"2024-01-14T14:39:09+00:00\",\"mainEntityOfPage\":{\"@id\":\"https:\/\/www.janabarillova.sk\/?p=444\"},\"wordCount\":294,\"commentCount\":0,\"publisher\":{\"@id\":\"https:\/\/www.janabarillova.sk\/#organization\"},\"articleSection\":[\"Pre deti\"],\"inLanguage\":\"sk-SK\",\"potentialAction\":[{\"@type\":\"CommentAction\",\"name\":\"Comment\",\"target\":[\"https:\/\/www.janabarillova.sk\/?p=444#respond\"]}]},{\"@type\":\"WebPage\",\"@id\":\"https:\/\/www.janabarillova.sk\/?p=444\",\"url\":\"https:\/\/www.janabarillova.sk\/?p=444\",\"name\":\"Desiata - Jana Barillov\u00e1\",\"isPartOf\":{\"@id\":\"https:\/\/www.janabarillova.sk\/#website\"},\"datePublished\":\"2024-01-14T14:38:27+00:00\",\"dateModified\":\"2024-01-14T14:39:09+00:00\",\"breadcrumb\":{\"@id\":\"https:\/\/www.janabarillova.sk\/?p=444#breadcrumb\"},\"inLanguage\":\"sk-SK\",\"potentialAction\":[{\"@type\":\"ReadAction\",\"target\":[\"https:\/\/www.janabarillova.sk\/?p=444\"]}]},{\"@type\":\"BreadcrumbList\",\"@id\":\"https:\/\/www.janabarillova.sk\/?p=444#breadcrumb\",\"itemListElement\":[{\"@type\":\"ListItem\",\"position\":1,\"name\":\"Home\",\"item\":\"https:\/\/www.janabarillova.sk\/\"},{\"@type\":\"ListItem\",\"position\":2,\"name\":\"Desiata\"}]},{\"@type\":\"WebSite\",\"@id\":\"https:\/\/www.janabarillova.sk\/#website\",\"url\":\"https:\/\/www.janabarillova.sk\/\",\"name\":\"Jana Barillov\u00e1\",\"description\":\"B\u00e1sne nielen pre deti\",\"publisher\":{\"@id\":\"https:\/\/www.janabarillova.sk\/#organization\"},\"potentialAction\":[{\"@type\":\"SearchAction\",\"target\":{\"@type\":\"EntryPoint\",\"urlTemplate\":\"https:\/\/www.janabarillova.sk\/?s={search_term_string}\"},\"query-input\":\"required name=search_term_string\"}],\"inLanguage\":\"sk-SK\"},{\"@type\":\"Organization\",\"@id\":\"https:\/\/www.janabarillova.sk\/#organization\",\"name\":\"Jana Barillov\u00e1\",\"url\":\"https:\/\/www.janabarillova.sk\/\",\"logo\":{\"@type\":\"ImageObject\",\"inLanguage\":\"sk-SK\",\"@id\":\"https:\/\/www.janabarillova.sk\/#\/schema\/logo\/image\/\",\"url\":\"https:\/\/www.janabarillova.sk\/wp-content\/uploads\/2023\/09\/deti.png\",\"contentUrl\":\"https:\/\/www.janabarillova.sk\/wp-content\/uploads\/2023\/09\/deti.png\",\"width\":2083,\"height\":895,\"caption\":\"Jana Barillov\u00e1\"},\"image\":{\"@id\":\"https:\/\/www.janabarillova.sk\/#\/schema\/logo\/image\/\"}},{\"@type\":\"Person\",\"@id\":\"https:\/\/www.janabarillova.sk\/#\/schema\/person\/72a9ca08e2dd56aa1025f78e50d865d3\",\"name\":\"Jana Barillova\",\"image\":{\"@type\":\"ImageObject\",\"inLanguage\":\"sk-SK\",\"@id\":\"https:\/\/www.janabarillova.sk\/#\/schema\/person\/image\/\",\"url\":\"https:\/\/secure.gravatar.com\/avatar\/937f0fc6466c7a19e35463e1a4381197?s=96&d=mm&r=g\",\"contentUrl\":\"https:\/\/secure.gravatar.com\/avatar\/937f0fc6466c7a19e35463e1a4381197?s=96&d=mm&r=g\",\"caption\":\"Jana Barillova\"},\"url\":\"https:\/\/www.janabarillova.sk\/?author=2\"}]}<\/script>\n<!-- \/ Yoast SEO plugin. -->","yoast_head_json":{"title":"Desiata - Jana Barillov\u00e1","robots":{"index":"index","follow":"follow","max-snippet":"max-snippet:-1","max-image-preview":"max-image-preview:large","max-video-preview":"max-video-preview:-1"},"canonical":"https:\/\/www.janabarillova.sk\/?p=444","og_locale":"sk_SK","og_type":"article","og_title":"Desiata - Jana Barillov\u00e1","og_description":"Jo\u017eko Nov\u00e1k, \u017eia\u010dik mal\u00fd raz si v&nbsp;\u0161kole nerozbalil svoju chutn\u00fa desiatu. Tak ju riadne odstat\u00fa po dvoch t\u00fd\u017ed\u0148och na\u0161iel v&nbsp;ta\u0161ke. Za\u010dali mu chv\u00edle \u0165a\u017ek\u00e9. Pri\u0161la na to jeho mamka: \u201eProti tvojim r\u00f4znym zn\u00e1mkam niekedy u\u017e sily nem\u00e1m. No n\u00e1js\u0165 v&nbsp;ta\u0161ke","og_url":"https:\/\/www.janabarillova.sk\/?p=444","og_site_name":"Jana Barillov\u00e1","article_published_time":"2024-01-14T14:38:27+00:00","article_modified_time":"2024-01-14T14:39:09+00:00","og_image":[{"width":1200,"height":1597,"url":"https:\/\/www.janabarillova.sk\/wp-content\/uploads\/2023\/09\/chlapec-ziak-skolak-ranajky-desiata-sendvic-jablko-nestandard1.jpg","type":"image\/jpeg"}],"author":"Jana Barillova","twitter_card":"summary_large_image","twitter_misc":{"Autor":"Jana Barillova","Predpokladan\u00fd \u010das \u010d\u00edtania":"2 min\u00faty"},"schema":{"@context":"https:\/\/schema.org","@graph":[{"@type":"Article","@id":"https:\/\/www.janabarillova.sk\/?p=444#article","isPartOf":{"@id":"https:\/\/www.janabarillova.sk\/?p=444"},"author":{"name":"Jana Barillova","@id":"https:\/\/www.janabarillova.sk\/#\/schema\/person\/72a9ca08e2dd56aa1025f78e50d865d3"},"headline":"Desiata","datePublished":"2024-01-14T14:38:27+00:00","dateModified":"2024-01-14T14:39:09+00:00","mainEntityOfPage":{"@id":"https:\/\/www.janabarillova.sk\/?p=444"},"wordCount":294,"commentCount":0,"publisher":{"@id":"https:\/\/www.janabarillova.sk\/#organization"},"articleSection":["Pre deti"],"inLanguage":"sk-SK","potentialAction":[{"@type":"CommentAction","name":"Comment","target":["https:\/\/www.janabarillova.sk\/?p=444#respond"]}]},{"@type":"WebPage","@id":"https:\/\/www.janabarillova.sk\/?p=444","url":"https:\/\/www.janabarillova.sk\/?p=444","name":"Desiata - Jana Barillov\u00e1","isPartOf":{"@id":"https:\/\/www.janabarillova.sk\/#website"},"datePublished":"2024-01-14T14:38:27+00:00","dateModified":"2024-01-14T14:39:09+00:00","breadcrumb":{"@id":"https:\/\/www.janabarillova.sk\/?p=444#breadcrumb"},"inLanguage":"sk-SK","potentialAction":[{"@type":"ReadAction","target":["https:\/\/www.janabarillova.sk\/?p=444"]}]},{"@type":"BreadcrumbList","@id":"https:\/\/www.janabarillova.sk\/?p=444#breadcrumb","itemListElement":[{"@type":"ListItem","position":1,"name":"Home","item":"https:\/\/www.janabarillova.sk\/"},{"@type":"ListItem","position":2,"name":"Desiata"}]},{"@type":"WebSite","@id":"https:\/\/www.janabarillova.sk\/#website","url":"https:\/\/www.janabarillova.sk\/","name":"Jana Barillov\u00e1","description":"B\u00e1sne nielen pre deti","publisher":{"@id":"https:\/\/www.janabarillova.sk\/#organization"},"potentialAction":[{"@type":"SearchAction","target":{"@type":"EntryPoint","urlTemplate":"https:\/\/www.janabarillova.sk\/?s={search_term_string}"},"query-input":"required name=search_term_string"}],"inLanguage":"sk-SK"},{"@type":"Organization","@id":"https:\/\/www.janabarillova.sk\/#organization","name":"Jana Barillov\u00e1","url":"https:\/\/www.janabarillova.sk\/","logo":{"@type":"ImageObject","inLanguage":"sk-SK","@id":"https:\/\/www.janabarillova.sk\/#\/schema\/logo\/image\/","url":"https:\/\/www.janabarillova.sk\/wp-content\/uploads\/2023\/09\/deti.png","contentUrl":"https:\/\/www.janabarillova.sk\/wp-content\/uploads\/2023\/09\/deti.png","width":2083,"height":895,"caption":"Jana Barillov\u00e1"},"image":{"@id":"https:\/\/www.janabarillova.sk\/#\/schema\/logo\/image\/"}},{"@type":"Person","@id":"https:\/\/www.janabarillova.sk\/#\/schema\/person\/72a9ca08e2dd56aa1025f78e50d865d3","name":"Jana Barillova","image":{"@type":"ImageObject","inLanguage":"sk-SK","@id":"https:\/\/www.janabarillova.sk\/#\/schema\/person\/image\/","url":"https:\/\/secure.gravatar.com\/avatar\/937f0fc6466c7a19e35463e1a4381197?s=96&d=mm&r=g","contentUrl":"https:\/\/secure.gravatar.com\/avatar\/937f0fc6466c7a19e35463e1a4381197?s=96&d=mm&r=g","caption":"Jana Barillova"},"url":"https:\/\/www.janabarillova.sk\/?author=2"}]}},"_links":{"self":[{"href":"https:\/\/www.janabarillova.sk\/index.php?rest_route=\/wp\/v2\/posts\/444"}],"collection":[{"href":"https:\/\/www.janabarillova.sk\/index.php?rest_route=\/wp\/v2\/posts"}],"about":[{"href":"https:\/\/www.janabarillova.sk\/index.php?rest_route=\/wp\/v2\/types\/post"}],"author":[{"embeddable":true,"href":"https:\/\/www.janabarillova.sk\/index.php?rest_route=\/wp\/v2\/users\/2"}],"replies":[{"embeddable":true,"href":"https:\/\/www.janabarillova.sk\/index.php?rest_route=%2Fwp%2Fv2%2Fcomments&post=444"}],"version-history":[{"count":1,"href":"https:\/\/www.janabarillova.sk\/index.php?rest_route=\/wp\/v2\/posts\/444\/revisions"}],"predecessor-version":[{"id":445,"href":"https:\/\/www.janabarillova.sk\/index.php?rest_route=\/wp\/v2\/posts\/444\/revisions\/445"}],"wp:featuredmedia":[{"embeddable":true,"href":"https:\/\/www.janabarillova.sk\/index.php?rest_route=\/wp\/v2\/media\/81"}],"wp:attachment":[{"href":"https:\/\/www.janabarillova.sk\/index.php?rest_route=%2Fwp%2Fv2%2Fmedia&parent=444"}],"wp:term":[{"taxonomy":"category","embeddable":true,"href":"https:\/\/www.janabarillova.sk\/index.php?rest_route=%2Fwp%2Fv2%2Fcategories&post=444"},{"taxonomy":"post_tag","embeddable":true,"href":"https:\/\/www.janabarillova.sk\/index.php?rest_route=%2Fwp%2Fv2%2Ftags&post=444"}],"curies":[{"name":"wp","href":"https:\/\/api.w.org\/{rel}","templated":true}]}}