{"id":37,"date":"2023-09-21T18:10:47","date_gmt":"2023-09-21T16:10:47","guid":{"rendered":"https:\/\/www.janabarillova.sk\/?p=37"},"modified":"2023-09-21T18:17:02","modified_gmt":"2023-09-21T16:17:02","slug":"ked-sa-rano-budia-deti","status":"publish","type":"post","link":"https:\/\/www.janabarillova.sk\/?p=37","title":{"rendered":"Ke\u010f sa r\u00e1no budia deti"},"content":{"rendered":"\n<p>Ke\u010f sa r\u00e1no budia deti,<\/p>\n\n\n\n<p>vtedy zist\u00ed\u0161, \u017ee \u010das let\u00ed.<\/p>\n\n\n\n<p>E\u0161te <a><\/a>v\u010dera bato\u013eat\u00e1,<\/p>\n\n\n\n<p>neprespan\u00e9 noci r\u00e1tam,<\/p>\n\n\n\n<p>ke\u010f v postie\u013eke uplakan\u00e9<\/p>\n\n\n\n<p>st\u00e1li v noci. A mne mame<\/p>\n\n\n\n<p>p\u00fdtali sa do n\u00e1ru\u010dia.<\/p>\n\n\n\n<p>A nesmela mu\u0161ka bzu\u010da\u0165,<\/p>\n\n\n\n<p>lebo by ich pobudila.<\/p>\n\n\n\n<p>Spom\u00ednam si, ak\u00fd pr\u00edval<\/p>\n\n\n\n<p>\u0161\u0165astia sme v\u017edy pre\u017e\u00edvali,<\/p>\n\n\n\n<p>pok\u00fdm deti sladko spali.<\/p>\n\n\n\n<p>Ke\u010f sa r\u00e1no deti budia,<\/p>\n\n\n\n<p>vtedy zist\u00ed\u0161, \u010do sa udia\u0165<\/p>\n\n\n\n<p>stihlo za tie r\u00fdchle roky.<\/p>\n\n\n\n<p>K\u00fdm s\u00fa s nami mal\u00ed, pok\u00fdm<\/p>\n\n\n\n<p>nevyletia z n\u00e1\u0161ho hniezda.<\/p>\n\n\n\n<p>\u010cas tak let\u00ed, sa to nezd\u00e1,<\/p>\n\n\n\n<p>no na de\u0165och r\u00fdchlo zbad\u00e1m,<\/p>\n\n\n\n<p>\u017ee u\u017e nie som tak\u00e1 mlad\u00e1.<\/p>\n\n\n\n<p>M\u00e1m v\u0161ak svoje drahokamy,<\/p>\n\n\n\n<p>to je l\u00e1ska ka\u017edej mamy.<\/p>\n\n\n\n<p>H\u013ead\u00edm na p\u00e1r kr\u00e1snych kvet\u00edn,<\/p>\n\n\n\n<p>to sa budia moje deti.<\/p>\n\n\n\n<p>Autorka: Jana Barillov\u00e1<\/p>\n","protected":false},"excerpt":{"rendered":"<p>Ke\u010f sa r\u00e1no budia deti, vtedy zist\u00ed\u0161, \u017ee \u010das let\u00ed. E\u0161te v\u010dera bato\u013eat\u00e1, neprespan\u00e9 noci r\u00e1tam, ke\u010f v postie\u013eke uplakan\u00e9 st\u00e1li v noci. A mne mame p\u00fdtali sa do n\u00e1ru\u010dia. A nesmela mu\u0161ka bzu\u010da\u0165, lebo by ich pobudila. Spom\u00ednam si,<\/p>\n","protected":false},"author":2,"featured_media":42,"comment_status":"open","ping_status":"open","sticky":false,"template":"","format":"standard","meta":{"_monsterinsights_skip_tracking":false,"_monsterinsights_sitenote_active":false,"_monsterinsights_sitenote_note":"","_monsterinsights_sitenote_category":0},"categories":[1],"tags":[],"aioseo_notices":[],"yoast_head":"<!-- This site is optimized with the Yoast SEO plugin v19.14 - https:\/\/yoast.com\/wordpress\/plugins\/seo\/ -->\n<title>Ke\u010f sa r\u00e1no budia deti - Jana Barillov\u00e1<\/title>\n<meta name=\"robots\" content=\"index, follow, max-snippet:-1, max-image-preview:large, max-video-preview:-1\" \/>\n<link rel=\"canonical\" href=\"https:\/\/www.janabarillova.sk\/?p=37\" \/>\n<meta property=\"og:locale\" content=\"sk_SK\" \/>\n<meta property=\"og:type\" content=\"article\" \/>\n<meta property=\"og:title\" content=\"Ke\u010f sa r\u00e1no budia deti - Jana Barillov\u00e1\" \/>\n<meta property=\"og:description\" content=\"Ke\u010f sa r\u00e1no budia deti, vtedy zist\u00ed\u0161, \u017ee \u010das let\u00ed. E\u0161te v\u010dera bato\u013eat\u00e1, neprespan\u00e9 noci r\u00e1tam, ke\u010f v postie\u013eke uplakan\u00e9 st\u00e1li v noci. A mne mame p\u00fdtali sa do n\u00e1ru\u010dia. A nesmela mu\u0161ka bzu\u010da\u0165, lebo by ich pobudila. Spom\u00ednam si,\" \/>\n<meta property=\"og:url\" content=\"https:\/\/www.janabarillova.sk\/?p=37\" \/>\n<meta property=\"og:site_name\" content=\"Jana Barillov\u00e1\" \/>\n<meta property=\"article:published_time\" content=\"2023-09-21T16:10:47+00:00\" \/>\n<meta property=\"article:modified_time\" content=\"2023-09-21T16:17:02+00:00\" \/>\n<meta property=\"og:image\" content=\"https:\/\/www.janabarillova.sk\/wp-content\/uploads\/2023\/09\/deti.png\" \/>\n\t<meta property=\"og:image:width\" content=\"2083\" \/>\n\t<meta property=\"og:image:height\" content=\"895\" \/>\n\t<meta property=\"og:image:type\" content=\"image\/png\" \/>\n<meta name=\"author\" content=\"Jana Barillova\" \/>\n<meta name=\"twitter:card\" content=\"summary_large_image\" \/>\n<meta name=\"twitter:label1\" content=\"Autor\" \/>\n\t<meta name=\"twitter:data1\" content=\"Jana Barillova\" \/>\n\t<meta name=\"twitter:label2\" content=\"Predpokladan\u00fd \u010das \u010d\u00edtania\" \/>\n\t<meta name=\"twitter:data2\" content=\"1 min\u00fata\" \/>\n<script type=\"application\/ld+json\" class=\"yoast-schema-graph\">{\"@context\":\"https:\/\/schema.org\",\"@graph\":[{\"@type\":\"Article\",\"@id\":\"https:\/\/www.janabarillova.sk\/?p=37#article\",\"isPartOf\":{\"@id\":\"https:\/\/www.janabarillova.sk\/?p=37\"},\"author\":{\"name\":\"Jana Barillova\",\"@id\":\"https:\/\/www.janabarillova.sk\/#\/schema\/person\/72a9ca08e2dd56aa1025f78e50d865d3\"},\"headline\":\"Ke\u010f sa r\u00e1no budia deti\",\"datePublished\":\"2023-09-21T16:10:47+00:00\",\"dateModified\":\"2023-09-21T16:17:02+00:00\",\"mainEntityOfPage\":{\"@id\":\"https:\/\/www.janabarillova.sk\/?p=37\"},\"wordCount\":154,\"commentCount\":1,\"publisher\":{\"@id\":\"https:\/\/www.janabarillova.sk\/#organization\"},\"articleSection\":[\"Pre deti\"],\"inLanguage\":\"sk-SK\",\"potentialAction\":[{\"@type\":\"CommentAction\",\"name\":\"Comment\",\"target\":[\"https:\/\/www.janabarillova.sk\/?p=37#respond\"]}]},{\"@type\":\"WebPage\",\"@id\":\"https:\/\/www.janabarillova.sk\/?p=37\",\"url\":\"https:\/\/www.janabarillova.sk\/?p=37\",\"name\":\"Ke\u010f sa r\u00e1no budia deti - Jana Barillov\u00e1\",\"isPartOf\":{\"@id\":\"https:\/\/www.janabarillova.sk\/#website\"},\"datePublished\":\"2023-09-21T16:10:47+00:00\",\"dateModified\":\"2023-09-21T16:17:02+00:00\",\"breadcrumb\":{\"@id\":\"https:\/\/www.janabarillova.sk\/?p=37#breadcrumb\"},\"inLanguage\":\"sk-SK\",\"potentialAction\":[{\"@type\":\"ReadAction\",\"target\":[\"https:\/\/www.janabarillova.sk\/?p=37\"]}]},{\"@type\":\"BreadcrumbList\",\"@id\":\"https:\/\/www.janabarillova.sk\/?p=37#breadcrumb\",\"itemListElement\":[{\"@type\":\"ListItem\",\"position\":1,\"name\":\"Home\",\"item\":\"https:\/\/www.janabarillova.sk\/\"},{\"@type\":\"ListItem\",\"position\":2,\"name\":\"Ke\u010f sa r\u00e1no budia deti\"}]},{\"@type\":\"WebSite\",\"@id\":\"https:\/\/www.janabarillova.sk\/#website\",\"url\":\"https:\/\/www.janabarillova.sk\/\",\"name\":\"Jana Barillov\u00e1\",\"description\":\"B\u00e1sne nielen pre deti\",\"publisher\":{\"@id\":\"https:\/\/www.janabarillova.sk\/#organization\"},\"potentialAction\":[{\"@type\":\"SearchAction\",\"target\":{\"@type\":\"EntryPoint\",\"urlTemplate\":\"https:\/\/www.janabarillova.sk\/?s={search_term_string}\"},\"query-input\":\"required name=search_term_string\"}],\"inLanguage\":\"sk-SK\"},{\"@type\":\"Organization\",\"@id\":\"https:\/\/www.janabarillova.sk\/#organization\",\"name\":\"Jana Barillov\u00e1\",\"url\":\"https:\/\/www.janabarillova.sk\/\",\"logo\":{\"@type\":\"ImageObject\",\"inLanguage\":\"sk-SK\",\"@id\":\"https:\/\/www.janabarillova.sk\/#\/schema\/logo\/image\/\",\"url\":\"https:\/\/www.janabarillova.sk\/wp-content\/uploads\/2023\/09\/deti.png\",\"contentUrl\":\"https:\/\/www.janabarillova.sk\/wp-content\/uploads\/2023\/09\/deti.png\",\"width\":2083,\"height\":895,\"caption\":\"Jana Barillov\u00e1\"},\"image\":{\"@id\":\"https:\/\/www.janabarillova.sk\/#\/schema\/logo\/image\/\"}},{\"@type\":\"Person\",\"@id\":\"https:\/\/www.janabarillova.sk\/#\/schema\/person\/72a9ca08e2dd56aa1025f78e50d865d3\",\"name\":\"Jana Barillova\",\"image\":{\"@type\":\"ImageObject\",\"inLanguage\":\"sk-SK\",\"@id\":\"https:\/\/www.janabarillova.sk\/#\/schema\/person\/image\/\",\"url\":\"https:\/\/secure.gravatar.com\/avatar\/937f0fc6466c7a19e35463e1a4381197?s=96&d=mm&r=g\",\"contentUrl\":\"https:\/\/secure.gravatar.com\/avatar\/937f0fc6466c7a19e35463e1a4381197?s=96&d=mm&r=g\",\"caption\":\"Jana Barillova\"},\"url\":\"https:\/\/www.janabarillova.sk\/?author=2\"}]}<\/script>\n<!-- \/ Yoast SEO plugin. -->","yoast_head_json":{"title":"Ke\u010f sa r\u00e1no budia deti - Jana Barillov\u00e1","robots":{"index":"index","follow":"follow","max-snippet":"max-snippet:-1","max-image-preview":"max-image-preview:large","max-video-preview":"max-video-preview:-1"},"canonical":"https:\/\/www.janabarillova.sk\/?p=37","og_locale":"sk_SK","og_type":"article","og_title":"Ke\u010f sa r\u00e1no budia deti - Jana Barillov\u00e1","og_description":"Ke\u010f sa r\u00e1no budia deti, vtedy zist\u00ed\u0161, \u017ee \u010das let\u00ed. E\u0161te v\u010dera bato\u013eat\u00e1, neprespan\u00e9 noci r\u00e1tam, ke\u010f v postie\u013eke uplakan\u00e9 st\u00e1li v noci. A mne mame p\u00fdtali sa do n\u00e1ru\u010dia. A nesmela mu\u0161ka bzu\u010da\u0165, lebo by ich pobudila. Spom\u00ednam si,","og_url":"https:\/\/www.janabarillova.sk\/?p=37","og_site_name":"Jana Barillov\u00e1","article_published_time":"2023-09-21T16:10:47+00:00","article_modified_time":"2023-09-21T16:17:02+00:00","og_image":[{"width":2083,"height":895,"url":"https:\/\/www.janabarillova.sk\/wp-content\/uploads\/2023\/09\/deti.png","type":"image\/png"}],"author":"Jana Barillova","twitter_card":"summary_large_image","twitter_misc":{"Autor":"Jana Barillova","Predpokladan\u00fd \u010das \u010d\u00edtania":"1 min\u00fata"},"schema":{"@context":"https:\/\/schema.org","@graph":[{"@type":"Article","@id":"https:\/\/www.janabarillova.sk\/?p=37#article","isPartOf":{"@id":"https:\/\/www.janabarillova.sk\/?p=37"},"author":{"name":"Jana Barillova","@id":"https:\/\/www.janabarillova.sk\/#\/schema\/person\/72a9ca08e2dd56aa1025f78e50d865d3"},"headline":"Ke\u010f sa r\u00e1no budia deti","datePublished":"2023-09-21T16:10:47+00:00","dateModified":"2023-09-21T16:17:02+00:00","mainEntityOfPage":{"@id":"https:\/\/www.janabarillova.sk\/?p=37"},"wordCount":154,"commentCount":1,"publisher":{"@id":"https:\/\/www.janabarillova.sk\/#organization"},"articleSection":["Pre deti"],"inLanguage":"sk-SK","potentialAction":[{"@type":"CommentAction","name":"Comment","target":["https:\/\/www.janabarillova.sk\/?p=37#respond"]}]},{"@type":"WebPage","@id":"https:\/\/www.janabarillova.sk\/?p=37","url":"https:\/\/www.janabarillova.sk\/?p=37","name":"Ke\u010f sa r\u00e1no budia deti - Jana Barillov\u00e1","isPartOf":{"@id":"https:\/\/www.janabarillova.sk\/#website"},"datePublished":"2023-09-21T16:10:47+00:00","dateModified":"2023-09-21T16:17:02+00:00","breadcrumb":{"@id":"https:\/\/www.janabarillova.sk\/?p=37#breadcrumb"},"inLanguage":"sk-SK","potentialAction":[{"@type":"ReadAction","target":["https:\/\/www.janabarillova.sk\/?p=37"]}]},{"@type":"BreadcrumbList","@id":"https:\/\/www.janabarillova.sk\/?p=37#breadcrumb","itemListElement":[{"@type":"ListItem","position":1,"name":"Home","item":"https:\/\/www.janabarillova.sk\/"},{"@type":"ListItem","position":2,"name":"Ke\u010f sa r\u00e1no budia deti"}]},{"@type":"WebSite","@id":"https:\/\/www.janabarillova.sk\/#website","url":"https:\/\/www.janabarillova.sk\/","name":"Jana Barillov\u00e1","description":"B\u00e1sne nielen pre deti","publisher":{"@id":"https:\/\/www.janabarillova.sk\/#organization"},"potentialAction":[{"@type":"SearchAction","target":{"@type":"EntryPoint","urlTemplate":"https:\/\/www.janabarillova.sk\/?s={search_term_string}"},"query-input":"required name=search_term_string"}],"inLanguage":"sk-SK"},{"@type":"Organization","@id":"https:\/\/www.janabarillova.sk\/#organization","name":"Jana Barillov\u00e1","url":"https:\/\/www.janabarillova.sk\/","logo":{"@type":"ImageObject","inLanguage":"sk-SK","@id":"https:\/\/www.janabarillova.sk\/#\/schema\/logo\/image\/","url":"https:\/\/www.janabarillova.sk\/wp-content\/uploads\/2023\/09\/deti.png","contentUrl":"https:\/\/www.janabarillova.sk\/wp-content\/uploads\/2023\/09\/deti.png","width":2083,"height":895,"caption":"Jana Barillov\u00e1"},"image":{"@id":"https:\/\/www.janabarillova.sk\/#\/schema\/logo\/image\/"}},{"@type":"Person","@id":"https:\/\/www.janabarillova.sk\/#\/schema\/person\/72a9ca08e2dd56aa1025f78e50d865d3","name":"Jana Barillova","image":{"@type":"ImageObject","inLanguage":"sk-SK","@id":"https:\/\/www.janabarillova.sk\/#\/schema\/person\/image\/","url":"https:\/\/secure.gravatar.com\/avatar\/937f0fc6466c7a19e35463e1a4381197?s=96&d=mm&r=g","contentUrl":"https:\/\/secure.gravatar.com\/avatar\/937f0fc6466c7a19e35463e1a4381197?s=96&d=mm&r=g","caption":"Jana Barillova"},"url":"https:\/\/www.janabarillova.sk\/?author=2"}]}},"_links":{"self":[{"href":"https:\/\/www.janabarillova.sk\/index.php?rest_route=\/wp\/v2\/posts\/37"}],"collection":[{"href":"https:\/\/www.janabarillova.sk\/index.php?rest_route=\/wp\/v2\/posts"}],"about":[{"href":"https:\/\/www.janabarillova.sk\/index.php?rest_route=\/wp\/v2\/types\/post"}],"author":[{"embeddable":true,"href":"https:\/\/www.janabarillova.sk\/index.php?rest_route=\/wp\/v2\/users\/2"}],"replies":[{"embeddable":true,"href":"https:\/\/www.janabarillova.sk\/index.php?rest_route=%2Fwp%2Fv2%2Fcomments&post=37"}],"version-history":[{"count":1,"href":"https:\/\/www.janabarillova.sk\/index.php?rest_route=\/wp\/v2\/posts\/37\/revisions"}],"predecessor-version":[{"id":38,"href":"https:\/\/www.janabarillova.sk\/index.php?rest_route=\/wp\/v2\/posts\/37\/revisions\/38"}],"wp:featuredmedia":[{"embeddable":true,"href":"https:\/\/www.janabarillova.sk\/index.php?rest_route=\/wp\/v2\/media\/42"}],"wp:attachment":[{"href":"https:\/\/www.janabarillova.sk\/index.php?rest_route=%2Fwp%2Fv2%2Fmedia&parent=37"}],"wp:term":[{"taxonomy":"category","embeddable":true,"href":"https:\/\/www.janabarillova.sk\/index.php?rest_route=%2Fwp%2Fv2%2Fcategories&post=37"},{"taxonomy":"post_tag","embeddable":true,"href":"https:\/\/www.janabarillova.sk\/index.php?rest_route=%2Fwp%2Fv2%2Ftags&post=37"}],"curies":[{"name":"wp","href":"https:\/\/api.w.org\/{rel}","templated":true}]}}