{"id":273,"date":"2023-11-08T17:37:56","date_gmt":"2023-11-08T16:37:56","guid":{"rendered":"https:\/\/www.janabarillova.sk\/?p=273"},"modified":"2023-11-08T17:40:28","modified_gmt":"2023-11-08T16:40:28","slug":"narodeninovy-darcek","status":"publish","type":"post","link":"https:\/\/www.janabarillova.sk\/?p=273","title":{"rendered":"Narodeninov\u00fd dar\u010dek"},"content":{"rendered":"\n<p>Lenka mala tajn\u00e9 prianie,<\/p>\n\n\n\n<p>\u017ee v\u017edy chcela ma\u010diatko.<\/p>\n\n\n\n<p>\u201eOcko, pros\u00ed\u00ed\u00edm, k\u00fap mi jedno.<\/p>\n\n\n\n<p>Chcem ho. Aspo\u0148 na kr\u00e1tko!\u201c<\/p>\n\n\n\n<p><\/p>\n\n\n\n<p>\u201eNo a&nbsp;potom? Kam ho d\u00e1me?\u201c<\/p>\n\n\n\n<p>ocko na to p\u00fdta sa.<\/p>\n\n\n\n<p>\u201eZviera, tak to je tvor \u017eiv\u00fd,<\/p>\n\n\n\n<p>a\u00a0nie d\u00e1ka okrasa.\u201c<\/p>\n\n\n\n<p><\/p>\n\n\n\n<p>Chod\u00ed p\u00e1r dn\u00ed Lenka smutn\u00e1,<\/p>\n\n\n\n<p>ma\u010da v&nbsp;hlave v\u0155ta jej.<\/p>\n\n\n\n<p>Sn\u00edva o&nbsp;tom u\u017e od detstva,<\/p>\n\n\n\n<p>o\u00a0ma\u010di\u010dke pr\u00edtulnej.<\/p>\n\n\n\n<p><\/p>\n\n\n\n<p>Pre\u0161lo leto, pre\u0161la jese\u0148,<\/p>\n\n\n\n<p>aj sneh vidie\u0165 za oknom.<\/p>\n\n\n\n<p>Vy\u0161umelo Lenke z&nbsp;hlavy,<\/p>\n\n\n\n<p>\u010do bolo jej ve\u013ek\u00fdm snom.<\/p>\n\n\n\n<p><\/p>\n\n\n\n<p>Ide ocko z&nbsp;pr\u00e1ce domov.<\/p>\n\n\n\n<p>Vonku je tma, siln\u00fd mr\u00e1z.<\/p>\n\n\n\n<p>Ke\u010f odrazu spopod stromov<\/p>\n\n\n\n<p>p\u00edskne tenk\u00fd smutn\u00fd hlas.<\/p>\n\n\n\n<p><\/p>\n\n\n\n<p>\u201e\u010co to po\u010du\u0165? Kto tu pla\u010de?\u201c<\/p>\n\n\n\n<p>\u010dupne k&nbsp;stromu zvedav\u00fd.<\/p>\n\n\n\n<p>\u201eCh\u00fa\u010fa mal\u00e9, ve\u010f tu zmrzne\u0161,<\/p>\n\n\n\n<p>ja \u0165a mus\u00edm zachr\u00e1ni\u0165!\u201c<\/p>\n\n\n\n<p><\/p>\n\n\n\n<p>Ma\u010diatko sa ani nehne,<\/p>\n\n\n\n<p>od mrazu je nevl\u00e1dne.<\/p>\n\n\n\n<p>Je aj hladn\u00e9, aj ne\u0161\u0165astn\u00e9,<\/p>\n\n\n\n<p>aj \u0161pinav\u00e9 poriadne.<\/p>\n\n\n\n<p><\/p>\n\n\n\n<p>Otecko ho jemne vezme,<\/p>\n\n\n\n<p>pod kab\u00e1t ho pritla\u010d\u00ed.<\/p>\n\n\n\n<p>\u201eUr\u010dite sa mojej dc\u00e9rke<\/p>\n\n\n\n<p>ako dar\u010dek zap\u00e1\u010di\u0161!\u201c<\/p>\n\n\n\n<p><\/p>\n\n\n\n<p>Spomenie si, \u017ee dnes Lenka<\/p>\n\n\n\n<p>rob\u00ed doma oslavu.<\/p>\n\n\n\n<p>\u201eKone\u010dne jej spln\u00edm prianie<\/p>\n\n\n\n<p>a\u00a0jej d\u00e1vnu predstavu.\u201c<\/p>\n\n\n\n<p><\/p>\n\n\n\n<p>Potichu do bytu vojde,<\/p>\n\n\n\n<p>na tv\u00e1ri aj \u00fasmev m\u00e1:<\/p>\n\n\n\n<p>\u201eBlaho\u017eel\u00e1m k&nbsp;tvojmu sviatku,<\/p>\n\n\n\n<p>dc\u00e9rka moja milen\u00e1.\u201c<\/p>\n\n\n\n<p><\/p>\n\n\n\n<p>H\u013ead\u00ed Lenka na ma\u010diatko,<\/p>\n\n\n\n<p>slzy te\u010d\u00fa po tv\u00e1ri.<\/p>\n\n\n\n<p>\u201eOcko, ja som ve\u013emi \u0161\u0165astn\u00e1,<\/p>\n\n\n\n<p>tajn\u00fd sen sa podaril.\u201c<\/p>\n\n\n\n<p><\/p>\n\n\n\n<p>Pre\u0161la doba, pre\u0161li roky,<\/p>\n\n\n\n<p>ve\u013ek\u00e1 sle\u010dna je z&nbsp;Lenky.<\/p>\n\n\n\n<p>A&nbsp;\u010do Micka? Teraz kde je?<\/p>\n\n\n\n<p>Ostali len spomienky?<\/p>\n\n\n\n<p><\/p>\n\n\n\n<p>Rodina ju st\u00e1le \u013e\u00fabi,<\/p>\n\n\n\n<p>najviac ocko, tak veru.<\/p>\n\n\n\n<p>Zachr\u00e1nil jej predsa \u017eivot,<\/p>\n\n\n\n<p>m\u00e1 v\u00a0\u0148om ve\u013ek\u00fa d\u00f4veru.<\/p>\n\n\n\n<p><\/p>\n\n\n\n<p>Ob\u010das to tak v&nbsp;\u017eit\u00ed b\u00fdva,<\/p>\n\n\n\n<p>\u017ee n\u00e1hodou spozn\u00e1me<\/p>\n\n\n\n<p>tak\u00e9 drobn\u00e9 zviera, ktor\u00e9<\/p>\n\n\n\n<p>si u\u017e v&nbsp;srdci nech\u00e1me.<\/p>\n\n\n\n<p>Nap\u00edsala: Jana Barillov\u00e1<\/p>\n\n\n\n<p><\/p>\n\n\n<div class=\"wp-block-image\">\n<figure class=\"alignright is-resized\"><img decoding=\"async\" loading=\"lazy\" src=\"https:\/\/www.janabarillova.sk\/wp-content\/uploads\/2023\/11\/vyvoj-maciatka-lead-image-1024x449.jpg\" alt=\"\" width=\"1052\" height=\"462\"\/><\/figure><\/div>","protected":false},"excerpt":{"rendered":"<p>Lenka mala tajn\u00e9 prianie, \u017ee v\u017edy chcela ma\u010diatko. \u201eOcko, pros\u00ed\u00ed\u00edm, k\u00fap mi jedno. Chcem ho. Aspo\u0148 na kr\u00e1tko!\u201c \u201eNo a&nbsp;potom? Kam ho d\u00e1me?\u201c ocko na to p\u00fdta sa. \u201eZviera, tak to je tvor \u017eiv\u00fd, a\u00a0nie d\u00e1ka okrasa.\u201c Chod\u00ed p\u00e1r dn\u00ed<\/p>\n","protected":false},"author":2,"featured_media":271,"comment_status":"open","ping_status":"open","sticky":false,"template":"","format":"standard","meta":{"_monsterinsights_skip_tracking":false,"_monsterinsights_sitenote_active":false,"_monsterinsights_sitenote_note":"","_monsterinsights_sitenote_category":0},"categories":[1],"tags":[],"aioseo_notices":[],"yoast_head":"<!-- This site is optimized with the Yoast SEO plugin v19.14 - https:\/\/yoast.com\/wordpress\/plugins\/seo\/ -->\n<title>Narodeninov\u00fd dar\u010dek - Jana Barillov\u00e1<\/title>\n<meta name=\"robots\" content=\"index, follow, max-snippet:-1, max-image-preview:large, max-video-preview:-1\" \/>\n<link rel=\"canonical\" href=\"https:\/\/www.janabarillova.sk\/?p=273\" \/>\n<meta property=\"og:locale\" content=\"sk_SK\" \/>\n<meta property=\"og:type\" content=\"article\" \/>\n<meta property=\"og:title\" content=\"Narodeninov\u00fd dar\u010dek - Jana Barillov\u00e1\" \/>\n<meta property=\"og:description\" content=\"Lenka mala tajn\u00e9 prianie, \u017ee v\u017edy chcela ma\u010diatko. \u201eOcko, pros\u00ed\u00ed\u00edm, k\u00fap mi jedno. Chcem ho. Aspo\u0148 na kr\u00e1tko!\u201c \u201eNo a&nbsp;potom? Kam ho d\u00e1me?\u201c ocko na to p\u00fdta sa. \u201eZviera, tak to je tvor \u017eiv\u00fd, a\u00a0nie d\u00e1ka okrasa.\u201c Chod\u00ed p\u00e1r dn\u00ed\" \/>\n<meta property=\"og:url\" content=\"https:\/\/www.janabarillova.sk\/?p=273\" \/>\n<meta property=\"og:site_name\" content=\"Jana Barillov\u00e1\" \/>\n<meta property=\"article:published_time\" content=\"2023-11-08T16:37:56+00:00\" \/>\n<meta property=\"article:modified_time\" content=\"2023-11-08T16:40:28+00:00\" \/>\n<meta property=\"og:image\" content=\"https:\/\/www.janabarillova.sk\/wp-content\/uploads\/2023\/11\/vyvoj-maciatka-lead-image.jpg\" \/>\n\t<meta property=\"og:image:width\" content=\"1140\" \/>\n\t<meta property=\"og:image:height\" content=\"500\" \/>\n\t<meta property=\"og:image:type\" content=\"image\/jpeg\" \/>\n<meta name=\"author\" content=\"Jana Barillova\" \/>\n<meta name=\"twitter:card\" content=\"summary_large_image\" \/>\n<meta name=\"twitter:label1\" content=\"Autor\" \/>\n\t<meta name=\"twitter:data1\" content=\"Jana Barillova\" \/>\n\t<meta name=\"twitter:label2\" content=\"Predpokladan\u00fd \u010das \u010d\u00edtania\" \/>\n\t<meta name=\"twitter:data2\" content=\"2 min\u00faty\" \/>\n<script type=\"application\/ld+json\" class=\"yoast-schema-graph\">{\"@context\":\"https:\/\/schema.org\",\"@graph\":[{\"@type\":\"Article\",\"@id\":\"https:\/\/www.janabarillova.sk\/?p=273#article\",\"isPartOf\":{\"@id\":\"https:\/\/www.janabarillova.sk\/?p=273\"},\"author\":{\"name\":\"Jana Barillova\",\"@id\":\"https:\/\/www.janabarillova.sk\/#\/schema\/person\/72a9ca08e2dd56aa1025f78e50d865d3\"},\"headline\":\"Narodeninov\u00fd dar\u010dek\",\"datePublished\":\"2023-11-08T16:37:56+00:00\",\"dateModified\":\"2023-11-08T16:40:28+00:00\",\"mainEntityOfPage\":{\"@id\":\"https:\/\/www.janabarillova.sk\/?p=273\"},\"wordCount\":324,\"commentCount\":0,\"publisher\":{\"@id\":\"https:\/\/www.janabarillova.sk\/#organization\"},\"articleSection\":[\"Pre deti\"],\"inLanguage\":\"sk-SK\",\"potentialAction\":[{\"@type\":\"CommentAction\",\"name\":\"Comment\",\"target\":[\"https:\/\/www.janabarillova.sk\/?p=273#respond\"]}]},{\"@type\":\"WebPage\",\"@id\":\"https:\/\/www.janabarillova.sk\/?p=273\",\"url\":\"https:\/\/www.janabarillova.sk\/?p=273\",\"name\":\"Narodeninov\u00fd dar\u010dek - Jana Barillov\u00e1\",\"isPartOf\":{\"@id\":\"https:\/\/www.janabarillova.sk\/#website\"},\"datePublished\":\"2023-11-08T16:37:56+00:00\",\"dateModified\":\"2023-11-08T16:40:28+00:00\",\"breadcrumb\":{\"@id\":\"https:\/\/www.janabarillova.sk\/?p=273#breadcrumb\"},\"inLanguage\":\"sk-SK\",\"potentialAction\":[{\"@type\":\"ReadAction\",\"target\":[\"https:\/\/www.janabarillova.sk\/?p=273\"]}]},{\"@type\":\"BreadcrumbList\",\"@id\":\"https:\/\/www.janabarillova.sk\/?p=273#breadcrumb\",\"itemListElement\":[{\"@type\":\"ListItem\",\"position\":1,\"name\":\"Home\",\"item\":\"https:\/\/www.janabarillova.sk\/\"},{\"@type\":\"ListItem\",\"position\":2,\"name\":\"Narodeninov\u00fd dar\u010dek\"}]},{\"@type\":\"WebSite\",\"@id\":\"https:\/\/www.janabarillova.sk\/#website\",\"url\":\"https:\/\/www.janabarillova.sk\/\",\"name\":\"Jana Barillov\u00e1\",\"description\":\"B\u00e1sne nielen pre deti\",\"publisher\":{\"@id\":\"https:\/\/www.janabarillova.sk\/#organization\"},\"potentialAction\":[{\"@type\":\"SearchAction\",\"target\":{\"@type\":\"EntryPoint\",\"urlTemplate\":\"https:\/\/www.janabarillova.sk\/?s={search_term_string}\"},\"query-input\":\"required name=search_term_string\"}],\"inLanguage\":\"sk-SK\"},{\"@type\":\"Organization\",\"@id\":\"https:\/\/www.janabarillova.sk\/#organization\",\"name\":\"Jana Barillov\u00e1\",\"url\":\"https:\/\/www.janabarillova.sk\/\",\"logo\":{\"@type\":\"ImageObject\",\"inLanguage\":\"sk-SK\",\"@id\":\"https:\/\/www.janabarillova.sk\/#\/schema\/logo\/image\/\",\"url\":\"https:\/\/www.janabarillova.sk\/wp-content\/uploads\/2023\/09\/deti.png\",\"contentUrl\":\"https:\/\/www.janabarillova.sk\/wp-content\/uploads\/2023\/09\/deti.png\",\"width\":2083,\"height\":895,\"caption\":\"Jana Barillov\u00e1\"},\"image\":{\"@id\":\"https:\/\/www.janabarillova.sk\/#\/schema\/logo\/image\/\"}},{\"@type\":\"Person\",\"@id\":\"https:\/\/www.janabarillova.sk\/#\/schema\/person\/72a9ca08e2dd56aa1025f78e50d865d3\",\"name\":\"Jana Barillova\",\"image\":{\"@type\":\"ImageObject\",\"inLanguage\":\"sk-SK\",\"@id\":\"https:\/\/www.janabarillova.sk\/#\/schema\/person\/image\/\",\"url\":\"https:\/\/secure.gravatar.com\/avatar\/937f0fc6466c7a19e35463e1a4381197?s=96&d=mm&r=g\",\"contentUrl\":\"https:\/\/secure.gravatar.com\/avatar\/937f0fc6466c7a19e35463e1a4381197?s=96&d=mm&r=g\",\"caption\":\"Jana Barillova\"},\"url\":\"https:\/\/www.janabarillova.sk\/?author=2\"}]}<\/script>\n<!-- \/ Yoast SEO plugin. -->","yoast_head_json":{"title":"Narodeninov\u00fd dar\u010dek - Jana Barillov\u00e1","robots":{"index":"index","follow":"follow","max-snippet":"max-snippet:-1","max-image-preview":"max-image-preview:large","max-video-preview":"max-video-preview:-1"},"canonical":"https:\/\/www.janabarillova.sk\/?p=273","og_locale":"sk_SK","og_type":"article","og_title":"Narodeninov\u00fd dar\u010dek - Jana Barillov\u00e1","og_description":"Lenka mala tajn\u00e9 prianie, \u017ee v\u017edy chcela ma\u010diatko. \u201eOcko, pros\u00ed\u00ed\u00edm, k\u00fap mi jedno. Chcem ho. Aspo\u0148 na kr\u00e1tko!\u201c \u201eNo a&nbsp;potom? Kam ho d\u00e1me?\u201c ocko na to p\u00fdta sa. \u201eZviera, tak to je tvor \u017eiv\u00fd, a\u00a0nie d\u00e1ka okrasa.\u201c Chod\u00ed p\u00e1r dn\u00ed","og_url":"https:\/\/www.janabarillova.sk\/?p=273","og_site_name":"Jana Barillov\u00e1","article_published_time":"2023-11-08T16:37:56+00:00","article_modified_time":"2023-11-08T16:40:28+00:00","og_image":[{"width":1140,"height":500,"url":"https:\/\/www.janabarillova.sk\/wp-content\/uploads\/2023\/11\/vyvoj-maciatka-lead-image.jpg","type":"image\/jpeg"}],"author":"Jana Barillova","twitter_card":"summary_large_image","twitter_misc":{"Autor":"Jana Barillova","Predpokladan\u00fd \u010das \u010d\u00edtania":"2 min\u00faty"},"schema":{"@context":"https:\/\/schema.org","@graph":[{"@type":"Article","@id":"https:\/\/www.janabarillova.sk\/?p=273#article","isPartOf":{"@id":"https:\/\/www.janabarillova.sk\/?p=273"},"author":{"name":"Jana Barillova","@id":"https:\/\/www.janabarillova.sk\/#\/schema\/person\/72a9ca08e2dd56aa1025f78e50d865d3"},"headline":"Narodeninov\u00fd dar\u010dek","datePublished":"2023-11-08T16:37:56+00:00","dateModified":"2023-11-08T16:40:28+00:00","mainEntityOfPage":{"@id":"https:\/\/www.janabarillova.sk\/?p=273"},"wordCount":324,"commentCount":0,"publisher":{"@id":"https:\/\/www.janabarillova.sk\/#organization"},"articleSection":["Pre deti"],"inLanguage":"sk-SK","potentialAction":[{"@type":"CommentAction","name":"Comment","target":["https:\/\/www.janabarillova.sk\/?p=273#respond"]}]},{"@type":"WebPage","@id":"https:\/\/www.janabarillova.sk\/?p=273","url":"https:\/\/www.janabarillova.sk\/?p=273","name":"Narodeninov\u00fd dar\u010dek - Jana Barillov\u00e1","isPartOf":{"@id":"https:\/\/www.janabarillova.sk\/#website"},"datePublished":"2023-11-08T16:37:56+00:00","dateModified":"2023-11-08T16:40:28+00:00","breadcrumb":{"@id":"https:\/\/www.janabarillova.sk\/?p=273#breadcrumb"},"inLanguage":"sk-SK","potentialAction":[{"@type":"ReadAction","target":["https:\/\/www.janabarillova.sk\/?p=273"]}]},{"@type":"BreadcrumbList","@id":"https:\/\/www.janabarillova.sk\/?p=273#breadcrumb","itemListElement":[{"@type":"ListItem","position":1,"name":"Home","item":"https:\/\/www.janabarillova.sk\/"},{"@type":"ListItem","position":2,"name":"Narodeninov\u00fd dar\u010dek"}]},{"@type":"WebSite","@id":"https:\/\/www.janabarillova.sk\/#website","url":"https:\/\/www.janabarillova.sk\/","name":"Jana Barillov\u00e1","description":"B\u00e1sne nielen pre deti","publisher":{"@id":"https:\/\/www.janabarillova.sk\/#organization"},"potentialAction":[{"@type":"SearchAction","target":{"@type":"EntryPoint","urlTemplate":"https:\/\/www.janabarillova.sk\/?s={search_term_string}"},"query-input":"required name=search_term_string"}],"inLanguage":"sk-SK"},{"@type":"Organization","@id":"https:\/\/www.janabarillova.sk\/#organization","name":"Jana Barillov\u00e1","url":"https:\/\/www.janabarillova.sk\/","logo":{"@type":"ImageObject","inLanguage":"sk-SK","@id":"https:\/\/www.janabarillova.sk\/#\/schema\/logo\/image\/","url":"https:\/\/www.janabarillova.sk\/wp-content\/uploads\/2023\/09\/deti.png","contentUrl":"https:\/\/www.janabarillova.sk\/wp-content\/uploads\/2023\/09\/deti.png","width":2083,"height":895,"caption":"Jana Barillov\u00e1"},"image":{"@id":"https:\/\/www.janabarillova.sk\/#\/schema\/logo\/image\/"}},{"@type":"Person","@id":"https:\/\/www.janabarillova.sk\/#\/schema\/person\/72a9ca08e2dd56aa1025f78e50d865d3","name":"Jana Barillova","image":{"@type":"ImageObject","inLanguage":"sk-SK","@id":"https:\/\/www.janabarillova.sk\/#\/schema\/person\/image\/","url":"https:\/\/secure.gravatar.com\/avatar\/937f0fc6466c7a19e35463e1a4381197?s=96&d=mm&r=g","contentUrl":"https:\/\/secure.gravatar.com\/avatar\/937f0fc6466c7a19e35463e1a4381197?s=96&d=mm&r=g","caption":"Jana Barillova"},"url":"https:\/\/www.janabarillova.sk\/?author=2"}]}},"_links":{"self":[{"href":"https:\/\/www.janabarillova.sk\/index.php?rest_route=\/wp\/v2\/posts\/273"}],"collection":[{"href":"https:\/\/www.janabarillova.sk\/index.php?rest_route=\/wp\/v2\/posts"}],"about":[{"href":"https:\/\/www.janabarillova.sk\/index.php?rest_route=\/wp\/v2\/types\/post"}],"author":[{"embeddable":true,"href":"https:\/\/www.janabarillova.sk\/index.php?rest_route=\/wp\/v2\/users\/2"}],"replies":[{"embeddable":true,"href":"https:\/\/www.janabarillova.sk\/index.php?rest_route=%2Fwp%2Fv2%2Fcomments&post=273"}],"version-history":[{"count":3,"href":"https:\/\/www.janabarillova.sk\/index.php?rest_route=\/wp\/v2\/posts\/273\/revisions"}],"predecessor-version":[{"id":277,"href":"https:\/\/www.janabarillova.sk\/index.php?rest_route=\/wp\/v2\/posts\/273\/revisions\/277"}],"wp:featuredmedia":[{"embeddable":true,"href":"https:\/\/www.janabarillova.sk\/index.php?rest_route=\/wp\/v2\/media\/271"}],"wp:attachment":[{"href":"https:\/\/www.janabarillova.sk\/index.php?rest_route=%2Fwp%2Fv2%2Fmedia&parent=273"}],"wp:term":[{"taxonomy":"category","embeddable":true,"href":"https:\/\/www.janabarillova.sk\/index.php?rest_route=%2Fwp%2Fv2%2Fcategories&post=273"},{"taxonomy":"post_tag","embeddable":true,"href":"https:\/\/www.janabarillova.sk\/index.php?rest_route=%2Fwp%2Fv2%2Ftags&post=273"}],"curies":[{"name":"wp","href":"https:\/\/api.w.org\/{rel}","templated":true}]}}