{"id":256,"date":"2023-10-23T20:53:08","date_gmt":"2023-10-23T18:53:08","guid":{"rendered":"https:\/\/www.janabarillova.sk\/?p=256"},"modified":"2023-10-23T20:55:05","modified_gmt":"2023-10-23T18:55:05","slug":"kamzik","status":"publish","type":"post","link":"https:\/\/www.janabarillova.sk\/?p=256","title":{"rendered":"Kamz\u00edk"},"content":{"rendered":"<div class=\"wp-block-image\">\n<figure class=\"alignright is-resized\"><img decoding=\"async\" loading=\"lazy\" src=\"https:\/\/www.janabarillova.sk\/wp-content\/uploads\/2023\/10\/stenget-i-naturen-rupicapra-tatras-slovakien-79778059-150x150.webp\" alt=\"\" width=\"222\" height=\"222\"\/><\/figure><\/div>\n\n\n<p>Kamz\u00edk Jo\u017eo Sk\u00e1kav\u00fd<\/p>\n\n\n\n<p>od v\u010dera skok nespravil.<\/p>\n\n\n\n<p>P\u00fdtate sa: \u201eA to pre\u010do?\u201c<\/p>\n\n\n\n<p>Poviem v\u00e1m to \u013eudskou re\u010dou.<\/p>\n\n\n\n<p><\/p>\n\n\n\n<p>Toti\u017e sk\u00e1kal ponad skaly,<\/p>\n\n\n\n<p>zdolal kopec ve\u013ek\u00fd, mal\u00fd.<\/p>\n\n\n\n<p>V\u017edy bezpe\u010dne dosko\u010dil.<\/p>\n\n\n\n<p>Tak si Jo\u017eo \u0161\u0165astne \u017eil.<\/p>\n\n\n\n<p><\/p>\n\n\n\n<p>No stalo sa, \u010do nik nechcel,<\/p>\n\n\n\n<p>jeden balvan st\u00e1l mu v&nbsp;ceste.<\/p>\n\n\n\n<p>A&nbsp;ke\u010f kamz\u00edk chcel skok spravi\u0165,<\/p>\n\n\n\n<p>\u0161mykol sa na k\u00fasku tr\u00e1vy,<\/p>\n\n\n\n<p><\/p>\n\n\n\n<p>\u010do z&nbsp;balvana tr\u010dala.<\/p>\n\n\n\n<p>Tu t\u00e1 chyba nastala.<\/p>\n\n\n\n<p>Teraz le\u017e\u00ed kamz\u00edk mil\u00fd,<\/p>\n\n\n\n<p>ub\u00fadaj\u00fa mu aj sily,<\/p>\n\n\n\n<p><\/p>\n\n\n\n<p>cel\u00e9 telo ho tak bol\u00ed:<\/p>\n\n\n\n<p>\u201eEj ten balvan, ten ma skolil.<\/p>\n\n\n\n<p>\u010co ja teraz robi\u0165 m\u00e1m?<\/p>\n\n\n\n<p>Ja tu zomriem. Celkom s\u00e1m,\u201c<\/p>\n\n\n\n<p><\/p>\n\n\n\n<p>pla\u010de, slzy lej\u00fa sa mu<\/p>\n\n\n\n<p>aj na nohu pol\u00e1man\u00fa.<\/p>\n\n\n\n<p>Le\u017e\u00ed, le\u017e\u00ed, &nbsp;poh\u013ead smutn\u00fd,<\/p>\n\n\n\n<p>kamz\u00edk v\u00a0chv\u00ed\u013each preukrutn\u00fdch.<\/p>\n\n\n\n<p><\/p>\n\n\n\n<p>Ide v\u00f4kol lesn\u00edk Edko.<\/p>\n\n\n\n<p>O&nbsp;kamz\u00edkoch vie ten v\u0161etko,<\/p>\n\n\n\n<p>ve\u010f u\u017e ako die\u0165a mal\u00e9<\/p>\n\n\n\n<p>\u010d\u00edtal o\u00a0nich neust\u00e1le.<\/p>\n\n\n\n<p><\/p>\n\n\n\n<p>\u201e\u010co to po\u010du\u0165? \u010co to vzlyk\u00e1?\u201c<\/p>\n\n\n\n<p>Zrak mu padne na kamz\u00edka,<\/p>\n\n\n\n<p>ktor\u00fd le\u017e\u00ed m\u0155tvy skoro<\/p>\n\n\n\n<p>s\u00a0pol\u00e1manou nohou chorou.<\/p>\n\n\n\n<p><\/p>\n\n\n\n<p>Pri\u0161lo mu ho ve\u013emi \u013e\u00fato,<\/p>\n\n\n\n<p>k&nbsp;zvierat\u00e1m ho via\u017ee puto,<\/p>\n\n\n\n<p>na ruky ho jemne vzal.<\/p>\n\n\n\n<p>\u00a0A\u00a0 ani\u00a0 sa nemetal<\/p>\n\n\n\n<p><\/p>\n\n\n\n<p>kamz\u00edk chud\u00e1k dol\u00e1man\u00fd.<\/p>\n\n\n\n<p>Veterin\u00e1r pozrel rany,<\/p>\n\n\n\n<p>dal mu sadru, pr\u00e1\u0161ky, lieky,<\/p>\n\n\n\n<p>ulo\u017eil ho spa\u0165 do deky.<\/p>\n\n\n\n<p><\/p>\n\n\n\n<p>Pre\u0161la doba, pre\u0161lo p\u00e1r dn\u00ed,<\/p>\n\n\n\n<p>hojili sa v\u0161etky rany,<\/p>\n\n\n\n<p>na tele kamz\u00edka Jo\u017ea<\/p>\n\n\n\n<p>celila sa kos\u0165 i\u00a0ko\u017ea.<\/p>\n\n\n\n<p><\/p>\n\n\n\n<p>Po p\u00e1r t\u00fd\u017ed\u0148och bol u\u017e zdrav\u00fd.<\/p>\n\n\n\n<p>Edko mu tak m\u00fadro vrav\u00ed:<\/p>\n\n\n\n<p>\u201eKe\u010f bude\u0161 na skal\u00e1ch st\u00e1\u0165,<\/p>\n\n\n\n<p>mus\u00ed\u0161 ve\u013ek\u00fd pozor da\u0165.\u201c<\/p>\n\n\n\n<p><\/p>\n\n\n\n<p>Vzal si k&nbsp;srdcu radu jeho,<\/p>\n\n\n\n<p>op\u00e4\u0165 sk\u00e1\u010de kamz\u00edk snehom,<\/p>\n\n\n\n<p>skalami i&nbsp;kopcami.<\/p>\n\n\n\n<p>To zl\u00e9, ke\u010f je za nami,<\/p>\n\n\n\n<p><\/p>\n\n\n\n<p>pou\u010dku n\u00e1m m\u00f4\u017ee da\u0165,<\/p>\n\n\n\n<p>Nesmie\u0161 na to zab\u00fada\u0165.<\/p>\n\n\n\n<p>S&nbsp;rozumom v\u017edy treba \u017ei\u0165,<\/p>\n\n\n\n<p>\u017divot \u2013 to je tenk\u00e1 ni\u0165.<\/p>\n\n\n\n<p>Nap\u00edsala Jana Barillov\u00e1<\/p>\n","protected":false},"excerpt":{"rendered":"<p>Kamz\u00edk Jo\u017eo Sk\u00e1kav\u00fd od v\u010dera skok nespravil. P\u00fdtate sa: \u201eA to pre\u010do?\u201c Poviem v\u00e1m to \u013eudskou re\u010dou. Toti\u017e sk\u00e1kal ponad skaly, zdolal kopec ve\u013ek\u00fd, mal\u00fd. V\u017edy bezpe\u010dne dosko\u010dil. Tak si Jo\u017eo \u0161\u0165astne \u017eil. No stalo sa, \u010do nik nechcel, jeden<\/p>\n","protected":false},"author":2,"featured_media":259,"comment_status":"open","ping_status":"open","sticky":false,"template":"","format":"standard","meta":{"_monsterinsights_skip_tracking":false,"_monsterinsights_sitenote_active":false,"_monsterinsights_sitenote_note":"","_monsterinsights_sitenote_category":0},"categories":[1],"tags":[],"aioseo_notices":[],"yoast_head":"<!-- This site is optimized with the Yoast SEO plugin v19.14 - https:\/\/yoast.com\/wordpress\/plugins\/seo\/ -->\n<title>Kamz\u00edk - Jana Barillov\u00e1<\/title>\n<meta name=\"robots\" content=\"index, follow, max-snippet:-1, max-image-preview:large, max-video-preview:-1\" \/>\n<link rel=\"canonical\" href=\"https:\/\/www.janabarillova.sk\/?p=256\" \/>\n<meta property=\"og:locale\" content=\"sk_SK\" \/>\n<meta property=\"og:type\" content=\"article\" \/>\n<meta property=\"og:title\" content=\"Kamz\u00edk - Jana Barillov\u00e1\" \/>\n<meta property=\"og:description\" content=\"Kamz\u00edk Jo\u017eo Sk\u00e1kav\u00fd od v\u010dera skok nespravil. P\u00fdtate sa: \u201eA to pre\u010do?\u201c Poviem v\u00e1m to \u013eudskou re\u010dou. Toti\u017e sk\u00e1kal ponad skaly, zdolal kopec ve\u013ek\u00fd, mal\u00fd. V\u017edy bezpe\u010dne dosko\u010dil. Tak si Jo\u017eo \u0161\u0165astne \u017eil. No stalo sa, \u010do nik nechcel, jeden\" \/>\n<meta property=\"og:url\" content=\"https:\/\/www.janabarillova.sk\/?p=256\" \/>\n<meta property=\"og:site_name\" content=\"Jana Barillov\u00e1\" \/>\n<meta property=\"article:published_time\" content=\"2023-10-23T18:53:08+00:00\" \/>\n<meta property=\"article:modified_time\" content=\"2023-10-23T18:55:05+00:00\" \/>\n<meta property=\"og:image\" content=\"https:\/\/www.janabarillova.sk\/wp-content\/uploads\/2023\/10\/stenget-i-naturen-rupicapra-tatras-slovakien-79778059.webp\" \/>\n\t<meta property=\"og:image:width\" content=\"800\" \/>\n\t<meta property=\"og:image:height\" content=\"534\" \/>\n\t<meta property=\"og:image:type\" content=\"image\/webp\" \/>\n<meta name=\"author\" content=\"Jana Barillova\" \/>\n<meta name=\"twitter:card\" content=\"summary_large_image\" \/>\n<meta name=\"twitter:label1\" content=\"Autor\" \/>\n\t<meta name=\"twitter:data1\" content=\"Jana Barillova\" \/>\n\t<meta name=\"twitter:label2\" content=\"Predpokladan\u00fd \u010das \u010d\u00edtania\" \/>\n\t<meta name=\"twitter:data2\" content=\"2 min\u00faty\" \/>\n<script type=\"application\/ld+json\" class=\"yoast-schema-graph\">{\"@context\":\"https:\/\/schema.org\",\"@graph\":[{\"@type\":\"Article\",\"@id\":\"https:\/\/www.janabarillova.sk\/?p=256#article\",\"isPartOf\":{\"@id\":\"https:\/\/www.janabarillova.sk\/?p=256\"},\"author\":{\"name\":\"Jana Barillova\",\"@id\":\"https:\/\/www.janabarillova.sk\/#\/schema\/person\/72a9ca08e2dd56aa1025f78e50d865d3\"},\"headline\":\"Kamz\u00edk\",\"datePublished\":\"2023-10-23T18:53:08+00:00\",\"dateModified\":\"2023-10-23T18:55:05+00:00\",\"mainEntityOfPage\":{\"@id\":\"https:\/\/www.janabarillova.sk\/?p=256\"},\"wordCount\":341,\"commentCount\":4,\"publisher\":{\"@id\":\"https:\/\/www.janabarillova.sk\/#organization\"},\"articleSection\":[\"Pre deti\"],\"inLanguage\":\"sk-SK\",\"potentialAction\":[{\"@type\":\"CommentAction\",\"name\":\"Comment\",\"target\":[\"https:\/\/www.janabarillova.sk\/?p=256#respond\"]}]},{\"@type\":\"WebPage\",\"@id\":\"https:\/\/www.janabarillova.sk\/?p=256\",\"url\":\"https:\/\/www.janabarillova.sk\/?p=256\",\"name\":\"Kamz\u00edk - Jana Barillov\u00e1\",\"isPartOf\":{\"@id\":\"https:\/\/www.janabarillova.sk\/#website\"},\"datePublished\":\"2023-10-23T18:53:08+00:00\",\"dateModified\":\"2023-10-23T18:55:05+00:00\",\"breadcrumb\":{\"@id\":\"https:\/\/www.janabarillova.sk\/?p=256#breadcrumb\"},\"inLanguage\":\"sk-SK\",\"potentialAction\":[{\"@type\":\"ReadAction\",\"target\":[\"https:\/\/www.janabarillova.sk\/?p=256\"]}]},{\"@type\":\"BreadcrumbList\",\"@id\":\"https:\/\/www.janabarillova.sk\/?p=256#breadcrumb\",\"itemListElement\":[{\"@type\":\"ListItem\",\"position\":1,\"name\":\"Home\",\"item\":\"https:\/\/www.janabarillova.sk\/\"},{\"@type\":\"ListItem\",\"position\":2,\"name\":\"Kamz\u00edk\"}]},{\"@type\":\"WebSite\",\"@id\":\"https:\/\/www.janabarillova.sk\/#website\",\"url\":\"https:\/\/www.janabarillova.sk\/\",\"name\":\"Jana Barillov\u00e1\",\"description\":\"B\u00e1sne nielen pre deti\",\"publisher\":{\"@id\":\"https:\/\/www.janabarillova.sk\/#organization\"},\"potentialAction\":[{\"@type\":\"SearchAction\",\"target\":{\"@type\":\"EntryPoint\",\"urlTemplate\":\"https:\/\/www.janabarillova.sk\/?s={search_term_string}\"},\"query-input\":\"required name=search_term_string\"}],\"inLanguage\":\"sk-SK\"},{\"@type\":\"Organization\",\"@id\":\"https:\/\/www.janabarillova.sk\/#organization\",\"name\":\"Jana Barillov\u00e1\",\"url\":\"https:\/\/www.janabarillova.sk\/\",\"logo\":{\"@type\":\"ImageObject\",\"inLanguage\":\"sk-SK\",\"@id\":\"https:\/\/www.janabarillova.sk\/#\/schema\/logo\/image\/\",\"url\":\"https:\/\/www.janabarillova.sk\/wp-content\/uploads\/2023\/09\/deti.png\",\"contentUrl\":\"https:\/\/www.janabarillova.sk\/wp-content\/uploads\/2023\/09\/deti.png\",\"width\":2083,\"height\":895,\"caption\":\"Jana Barillov\u00e1\"},\"image\":{\"@id\":\"https:\/\/www.janabarillova.sk\/#\/schema\/logo\/image\/\"}},{\"@type\":\"Person\",\"@id\":\"https:\/\/www.janabarillova.sk\/#\/schema\/person\/72a9ca08e2dd56aa1025f78e50d865d3\",\"name\":\"Jana Barillova\",\"image\":{\"@type\":\"ImageObject\",\"inLanguage\":\"sk-SK\",\"@id\":\"https:\/\/www.janabarillova.sk\/#\/schema\/person\/image\/\",\"url\":\"https:\/\/secure.gravatar.com\/avatar\/937f0fc6466c7a19e35463e1a4381197?s=96&d=mm&r=g\",\"contentUrl\":\"https:\/\/secure.gravatar.com\/avatar\/937f0fc6466c7a19e35463e1a4381197?s=96&d=mm&r=g\",\"caption\":\"Jana Barillova\"},\"url\":\"https:\/\/www.janabarillova.sk\/?author=2\"}]}<\/script>\n<!-- \/ Yoast SEO plugin. -->","yoast_head_json":{"title":"Kamz\u00edk - Jana Barillov\u00e1","robots":{"index":"index","follow":"follow","max-snippet":"max-snippet:-1","max-image-preview":"max-image-preview:large","max-video-preview":"max-video-preview:-1"},"canonical":"https:\/\/www.janabarillova.sk\/?p=256","og_locale":"sk_SK","og_type":"article","og_title":"Kamz\u00edk - Jana Barillov\u00e1","og_description":"Kamz\u00edk Jo\u017eo Sk\u00e1kav\u00fd od v\u010dera skok nespravil. P\u00fdtate sa: \u201eA to pre\u010do?\u201c Poviem v\u00e1m to \u013eudskou re\u010dou. Toti\u017e sk\u00e1kal ponad skaly, zdolal kopec ve\u013ek\u00fd, mal\u00fd. V\u017edy bezpe\u010dne dosko\u010dil. Tak si Jo\u017eo \u0161\u0165astne \u017eil. No stalo sa, \u010do nik nechcel, jeden","og_url":"https:\/\/www.janabarillova.sk\/?p=256","og_site_name":"Jana Barillov\u00e1","article_published_time":"2023-10-23T18:53:08+00:00","article_modified_time":"2023-10-23T18:55:05+00:00","og_image":[{"width":800,"height":534,"url":"https:\/\/www.janabarillova.sk\/wp-content\/uploads\/2023\/10\/stenget-i-naturen-rupicapra-tatras-slovakien-79778059.webp","type":"image\/webp"}],"author":"Jana Barillova","twitter_card":"summary_large_image","twitter_misc":{"Autor":"Jana Barillova","Predpokladan\u00fd \u010das \u010d\u00edtania":"2 min\u00faty"},"schema":{"@context":"https:\/\/schema.org","@graph":[{"@type":"Article","@id":"https:\/\/www.janabarillova.sk\/?p=256#article","isPartOf":{"@id":"https:\/\/www.janabarillova.sk\/?p=256"},"author":{"name":"Jana Barillova","@id":"https:\/\/www.janabarillova.sk\/#\/schema\/person\/72a9ca08e2dd56aa1025f78e50d865d3"},"headline":"Kamz\u00edk","datePublished":"2023-10-23T18:53:08+00:00","dateModified":"2023-10-23T18:55:05+00:00","mainEntityOfPage":{"@id":"https:\/\/www.janabarillova.sk\/?p=256"},"wordCount":341,"commentCount":4,"publisher":{"@id":"https:\/\/www.janabarillova.sk\/#organization"},"articleSection":["Pre deti"],"inLanguage":"sk-SK","potentialAction":[{"@type":"CommentAction","name":"Comment","target":["https:\/\/www.janabarillova.sk\/?p=256#respond"]}]},{"@type":"WebPage","@id":"https:\/\/www.janabarillova.sk\/?p=256","url":"https:\/\/www.janabarillova.sk\/?p=256","name":"Kamz\u00edk - Jana Barillov\u00e1","isPartOf":{"@id":"https:\/\/www.janabarillova.sk\/#website"},"datePublished":"2023-10-23T18:53:08+00:00","dateModified":"2023-10-23T18:55:05+00:00","breadcrumb":{"@id":"https:\/\/www.janabarillova.sk\/?p=256#breadcrumb"},"inLanguage":"sk-SK","potentialAction":[{"@type":"ReadAction","target":["https:\/\/www.janabarillova.sk\/?p=256"]}]},{"@type":"BreadcrumbList","@id":"https:\/\/www.janabarillova.sk\/?p=256#breadcrumb","itemListElement":[{"@type":"ListItem","position":1,"name":"Home","item":"https:\/\/www.janabarillova.sk\/"},{"@type":"ListItem","position":2,"name":"Kamz\u00edk"}]},{"@type":"WebSite","@id":"https:\/\/www.janabarillova.sk\/#website","url":"https:\/\/www.janabarillova.sk\/","name":"Jana Barillov\u00e1","description":"B\u00e1sne nielen pre deti","publisher":{"@id":"https:\/\/www.janabarillova.sk\/#organization"},"potentialAction":[{"@type":"SearchAction","target":{"@type":"EntryPoint","urlTemplate":"https:\/\/www.janabarillova.sk\/?s={search_term_string}"},"query-input":"required name=search_term_string"}],"inLanguage":"sk-SK"},{"@type":"Organization","@id":"https:\/\/www.janabarillova.sk\/#organization","name":"Jana Barillov\u00e1","url":"https:\/\/www.janabarillova.sk\/","logo":{"@type":"ImageObject","inLanguage":"sk-SK","@id":"https:\/\/www.janabarillova.sk\/#\/schema\/logo\/image\/","url":"https:\/\/www.janabarillova.sk\/wp-content\/uploads\/2023\/09\/deti.png","contentUrl":"https:\/\/www.janabarillova.sk\/wp-content\/uploads\/2023\/09\/deti.png","width":2083,"height":895,"caption":"Jana Barillov\u00e1"},"image":{"@id":"https:\/\/www.janabarillova.sk\/#\/schema\/logo\/image\/"}},{"@type":"Person","@id":"https:\/\/www.janabarillova.sk\/#\/schema\/person\/72a9ca08e2dd56aa1025f78e50d865d3","name":"Jana Barillova","image":{"@type":"ImageObject","inLanguage":"sk-SK","@id":"https:\/\/www.janabarillova.sk\/#\/schema\/person\/image\/","url":"https:\/\/secure.gravatar.com\/avatar\/937f0fc6466c7a19e35463e1a4381197?s=96&d=mm&r=g","contentUrl":"https:\/\/secure.gravatar.com\/avatar\/937f0fc6466c7a19e35463e1a4381197?s=96&d=mm&r=g","caption":"Jana Barillova"},"url":"https:\/\/www.janabarillova.sk\/?author=2"}]}},"_links":{"self":[{"href":"https:\/\/www.janabarillova.sk\/index.php?rest_route=\/wp\/v2\/posts\/256"}],"collection":[{"href":"https:\/\/www.janabarillova.sk\/index.php?rest_route=\/wp\/v2\/posts"}],"about":[{"href":"https:\/\/www.janabarillova.sk\/index.php?rest_route=\/wp\/v2\/types\/post"}],"author":[{"embeddable":true,"href":"https:\/\/www.janabarillova.sk\/index.php?rest_route=\/wp\/v2\/users\/2"}],"replies":[{"embeddable":true,"href":"https:\/\/www.janabarillova.sk\/index.php?rest_route=%2Fwp%2Fv2%2Fcomments&post=256"}],"version-history":[{"count":3,"href":"https:\/\/www.janabarillova.sk\/index.php?rest_route=\/wp\/v2\/posts\/256\/revisions"}],"predecessor-version":[{"id":260,"href":"https:\/\/www.janabarillova.sk\/index.php?rest_route=\/wp\/v2\/posts\/256\/revisions\/260"}],"wp:featuredmedia":[{"embeddable":true,"href":"https:\/\/www.janabarillova.sk\/index.php?rest_route=\/wp\/v2\/media\/259"}],"wp:attachment":[{"href":"https:\/\/www.janabarillova.sk\/index.php?rest_route=%2Fwp%2Fv2%2Fmedia&parent=256"}],"wp:term":[{"taxonomy":"category","embeddable":true,"href":"https:\/\/www.janabarillova.sk\/index.php?rest_route=%2Fwp%2Fv2%2Fcategories&post=256"},{"taxonomy":"post_tag","embeddable":true,"href":"https:\/\/www.janabarillova.sk\/index.php?rest_route=%2Fwp%2Fv2%2Ftags&post=256"}],"curies":[{"name":"wp","href":"https:\/\/api.w.org\/{rel}","templated":true}]}}