{"id":215,"date":"2023-10-10T20:00:57","date_gmt":"2023-10-10T18:00:57","guid":{"rendered":"https:\/\/www.janabarillova.sk\/?p=215"},"modified":"2023-10-16T17:53:29","modified_gmt":"2023-10-16T15:53:29","slug":"pupava","status":"publish","type":"post","link":"https:\/\/www.janabarillova.sk\/?p=215","title":{"rendered":"P\u00daPAVA"},"content":{"rendered":"\n<p>&#8222;Kto mi moju bielu hl\u00e1vku pof\u00faka?<\/p>\n\n\n\n<p>Pre\u010do rastiem v z\u00e1hrad\u00e1ch i na l\u00fakach?<\/p>\n\n\n\n<p>Kto podoprie moje telo sklonen\u00e9?<\/p>\n\n\n\n<p>Kto mi ihne\u010f d\u00e1ku pomoc zo\u017eenie?&#8220; <\/p>\n\n\n\n<p><\/p>\n\n\n\n<p>vyplak\u00e1va ubolen\u00e1 p\u00fapava,<\/p>\n\n\n\n<p>vraj v nej \u017elt\u00fd \u017eivot pr\u00e1ve ust\u00e1va.<\/p>\n\n\n\n<p>Niet pomoci, nikomu sa nedar\u00ed<\/p>\n\n\n\n<p>prebudi\u0165 ju ku \u017eivotu. No z jari<\/p>\n\n\n\n<p><\/p>\n\n\n\n<p>de\u0165\u00fareniec po nej v\u0161ade ostalo&#8230;<\/p>\n\n\n\n<p>jedno, druh\u00e9, tretie&#8230;je ich nem\u00e1lo.<\/p>\n\n\n\n<p>Drobn\u00e9 hl\u00e1vky \u017elt\u00e9 na svet pozreli,<\/p>\n\n\n\n<p>na mami\u010dku cel\u00fd ten \u010das mysleli.<\/p>\n\n\n\n<p class=\"has-black-color has-white-background-color has-text-color has-background has-medium-font-size\"><\/p>\n\n\n\n<p>Zo semienok, \u010do sa skryli do zeme,<\/p>\n\n\n\n<p>povyr\u00e1stli by\u013eky, kvety, korene.<\/p>\n\n\n\n<p>P\u00fapava sa z neba na zem pozer\u00e1:<\/p>\n\n\n\n<p>&#8222;Milujem jar&#8220;, znie jej t\u00ed\u0161ko na per\u00e1ch.<\/p>\n\n\n\n<p>Jana Barillov\u00e1<\/p>\n\n\n<div class=\"wp-block-image\">\n<figure class=\"alignright is-resized\"><img decoding=\"async\" loading=\"lazy\" src=\"https:\/\/www.janabarillova.sk\/wp-content\/uploads\/2023\/10\/R-1024x768.jpg\" alt=\"\" width=\"451\" height=\"338\"\/><\/figure><\/div>","protected":false},"excerpt":{"rendered":"<p>&#8222;Kto mi moju bielu hl\u00e1vku pof\u00faka? Pre\u010do rastiem v z\u00e1hrad\u00e1ch i na l\u00fakach? Kto podoprie moje telo sklonen\u00e9? Kto mi ihne\u010f d\u00e1ku pomoc zo\u017eenie?&#8220; vyplak\u00e1va ubolen\u00e1 p\u00fapava, vraj v nej \u017elt\u00fd \u017eivot pr\u00e1ve ust\u00e1va. Niet pomoci, nikomu sa nedar\u00ed prebudi\u0165<\/p>\n","protected":false},"author":2,"featured_media":222,"comment_status":"open","ping_status":"open","sticky":false,"template":"","format":"standard","meta":{"_monsterinsights_skip_tracking":false,"_monsterinsights_sitenote_active":false,"_monsterinsights_sitenote_note":"","_monsterinsights_sitenote_category":0},"categories":[1],"tags":[],"aioseo_notices":[],"yoast_head":"<!-- This site is optimized with the Yoast SEO plugin v19.14 - https:\/\/yoast.com\/wordpress\/plugins\/seo\/ -->\n<title>P\u00daPAVA - Jana Barillov\u00e1<\/title>\n<meta name=\"robots\" content=\"index, follow, max-snippet:-1, max-image-preview:large, max-video-preview:-1\" \/>\n<link rel=\"canonical\" href=\"https:\/\/www.janabarillova.sk\/?p=215\" \/>\n<meta property=\"og:locale\" content=\"sk_SK\" \/>\n<meta property=\"og:type\" content=\"article\" \/>\n<meta property=\"og:title\" content=\"P\u00daPAVA - Jana Barillov\u00e1\" \/>\n<meta property=\"og:description\" content=\"&#8222;Kto mi moju bielu hl\u00e1vku pof\u00faka? Pre\u010do rastiem v z\u00e1hrad\u00e1ch i na l\u00fakach? Kto podoprie moje telo sklonen\u00e9? Kto mi ihne\u010f d\u00e1ku pomoc zo\u017eenie?&#8220; vyplak\u00e1va ubolen\u00e1 p\u00fapava, vraj v nej \u017elt\u00fd \u017eivot pr\u00e1ve ust\u00e1va. Niet pomoci, nikomu sa nedar\u00ed prebudi\u0165\" \/>\n<meta property=\"og:url\" content=\"https:\/\/www.janabarillova.sk\/?p=215\" \/>\n<meta property=\"og:site_name\" content=\"Jana Barillov\u00e1\" \/>\n<meta property=\"article:published_time\" content=\"2023-10-10T18:00:57+00:00\" \/>\n<meta property=\"article:modified_time\" content=\"2023-10-16T15:53:29+00:00\" \/>\n<meta property=\"og:image\" content=\"https:\/\/www.janabarillova.sk\/wp-content\/uploads\/2023\/10\/R.jpg\" \/>\n\t<meta property=\"og:image:width\" content=\"2048\" \/>\n\t<meta property=\"og:image:height\" content=\"1536\" \/>\n\t<meta property=\"og:image:type\" content=\"image\/jpeg\" \/>\n<meta name=\"author\" content=\"Jana Barillova\" \/>\n<meta name=\"twitter:card\" content=\"summary_large_image\" \/>\n<meta name=\"twitter:label1\" content=\"Autor\" \/>\n\t<meta name=\"twitter:data1\" content=\"Jana Barillova\" \/>\n\t<meta name=\"twitter:label2\" content=\"Predpokladan\u00fd \u010das \u010d\u00edtania\" \/>\n\t<meta name=\"twitter:data2\" content=\"1 min\u00fata\" \/>\n<script type=\"application\/ld+json\" class=\"yoast-schema-graph\">{\"@context\":\"https:\/\/schema.org\",\"@graph\":[{\"@type\":\"Article\",\"@id\":\"https:\/\/www.janabarillova.sk\/?p=215#article\",\"isPartOf\":{\"@id\":\"https:\/\/www.janabarillova.sk\/?p=215\"},\"author\":{\"name\":\"Jana Barillova\",\"@id\":\"https:\/\/www.janabarillova.sk\/#\/schema\/person\/72a9ca08e2dd56aa1025f78e50d865d3\"},\"headline\":\"P\u00daPAVA\",\"datePublished\":\"2023-10-10T18:00:57+00:00\",\"dateModified\":\"2023-10-16T15:53:29+00:00\",\"mainEntityOfPage\":{\"@id\":\"https:\/\/www.janabarillova.sk\/?p=215\"},\"wordCount\":120,\"commentCount\":0,\"publisher\":{\"@id\":\"https:\/\/www.janabarillova.sk\/#organization\"},\"articleSection\":[\"Pre deti\"],\"inLanguage\":\"sk-SK\",\"potentialAction\":[{\"@type\":\"CommentAction\",\"name\":\"Comment\",\"target\":[\"https:\/\/www.janabarillova.sk\/?p=215#respond\"]}]},{\"@type\":\"WebPage\",\"@id\":\"https:\/\/www.janabarillova.sk\/?p=215\",\"url\":\"https:\/\/www.janabarillova.sk\/?p=215\",\"name\":\"P\u00daPAVA - Jana Barillov\u00e1\",\"isPartOf\":{\"@id\":\"https:\/\/www.janabarillova.sk\/#website\"},\"datePublished\":\"2023-10-10T18:00:57+00:00\",\"dateModified\":\"2023-10-16T15:53:29+00:00\",\"breadcrumb\":{\"@id\":\"https:\/\/www.janabarillova.sk\/?p=215#breadcrumb\"},\"inLanguage\":\"sk-SK\",\"potentialAction\":[{\"@type\":\"ReadAction\",\"target\":[\"https:\/\/www.janabarillova.sk\/?p=215\"]}]},{\"@type\":\"BreadcrumbList\",\"@id\":\"https:\/\/www.janabarillova.sk\/?p=215#breadcrumb\",\"itemListElement\":[{\"@type\":\"ListItem\",\"position\":1,\"name\":\"Home\",\"item\":\"https:\/\/www.janabarillova.sk\/\"},{\"@type\":\"ListItem\",\"position\":2,\"name\":\"P\u00daPAVA\"}]},{\"@type\":\"WebSite\",\"@id\":\"https:\/\/www.janabarillova.sk\/#website\",\"url\":\"https:\/\/www.janabarillova.sk\/\",\"name\":\"Jana Barillov\u00e1\",\"description\":\"B\u00e1sne nielen pre deti\",\"publisher\":{\"@id\":\"https:\/\/www.janabarillova.sk\/#organization\"},\"potentialAction\":[{\"@type\":\"SearchAction\",\"target\":{\"@type\":\"EntryPoint\",\"urlTemplate\":\"https:\/\/www.janabarillova.sk\/?s={search_term_string}\"},\"query-input\":\"required name=search_term_string\"}],\"inLanguage\":\"sk-SK\"},{\"@type\":\"Organization\",\"@id\":\"https:\/\/www.janabarillova.sk\/#organization\",\"name\":\"Jana Barillov\u00e1\",\"url\":\"https:\/\/www.janabarillova.sk\/\",\"logo\":{\"@type\":\"ImageObject\",\"inLanguage\":\"sk-SK\",\"@id\":\"https:\/\/www.janabarillova.sk\/#\/schema\/logo\/image\/\",\"url\":\"https:\/\/www.janabarillova.sk\/wp-content\/uploads\/2023\/09\/deti.png\",\"contentUrl\":\"https:\/\/www.janabarillova.sk\/wp-content\/uploads\/2023\/09\/deti.png\",\"width\":2083,\"height\":895,\"caption\":\"Jana Barillov\u00e1\"},\"image\":{\"@id\":\"https:\/\/www.janabarillova.sk\/#\/schema\/logo\/image\/\"}},{\"@type\":\"Person\",\"@id\":\"https:\/\/www.janabarillova.sk\/#\/schema\/person\/72a9ca08e2dd56aa1025f78e50d865d3\",\"name\":\"Jana Barillova\",\"image\":{\"@type\":\"ImageObject\",\"inLanguage\":\"sk-SK\",\"@id\":\"https:\/\/www.janabarillova.sk\/#\/schema\/person\/image\/\",\"url\":\"https:\/\/secure.gravatar.com\/avatar\/937f0fc6466c7a19e35463e1a4381197?s=96&d=mm&r=g\",\"contentUrl\":\"https:\/\/secure.gravatar.com\/avatar\/937f0fc6466c7a19e35463e1a4381197?s=96&d=mm&r=g\",\"caption\":\"Jana Barillova\"},\"url\":\"https:\/\/www.janabarillova.sk\/?author=2\"}]}<\/script>\n<!-- \/ Yoast SEO plugin. -->","yoast_head_json":{"title":"P\u00daPAVA - Jana Barillov\u00e1","robots":{"index":"index","follow":"follow","max-snippet":"max-snippet:-1","max-image-preview":"max-image-preview:large","max-video-preview":"max-video-preview:-1"},"canonical":"https:\/\/www.janabarillova.sk\/?p=215","og_locale":"sk_SK","og_type":"article","og_title":"P\u00daPAVA - Jana Barillov\u00e1","og_description":"&#8222;Kto mi moju bielu hl\u00e1vku pof\u00faka? Pre\u010do rastiem v z\u00e1hrad\u00e1ch i na l\u00fakach? Kto podoprie moje telo sklonen\u00e9? Kto mi ihne\u010f d\u00e1ku pomoc zo\u017eenie?&#8220; vyplak\u00e1va ubolen\u00e1 p\u00fapava, vraj v nej \u017elt\u00fd \u017eivot pr\u00e1ve ust\u00e1va. Niet pomoci, nikomu sa nedar\u00ed prebudi\u0165","og_url":"https:\/\/www.janabarillova.sk\/?p=215","og_site_name":"Jana Barillov\u00e1","article_published_time":"2023-10-10T18:00:57+00:00","article_modified_time":"2023-10-16T15:53:29+00:00","og_image":[{"width":2048,"height":1536,"url":"https:\/\/www.janabarillova.sk\/wp-content\/uploads\/2023\/10\/R.jpg","type":"image\/jpeg"}],"author":"Jana Barillova","twitter_card":"summary_large_image","twitter_misc":{"Autor":"Jana Barillova","Predpokladan\u00fd \u010das \u010d\u00edtania":"1 min\u00fata"},"schema":{"@context":"https:\/\/schema.org","@graph":[{"@type":"Article","@id":"https:\/\/www.janabarillova.sk\/?p=215#article","isPartOf":{"@id":"https:\/\/www.janabarillova.sk\/?p=215"},"author":{"name":"Jana Barillova","@id":"https:\/\/www.janabarillova.sk\/#\/schema\/person\/72a9ca08e2dd56aa1025f78e50d865d3"},"headline":"P\u00daPAVA","datePublished":"2023-10-10T18:00:57+00:00","dateModified":"2023-10-16T15:53:29+00:00","mainEntityOfPage":{"@id":"https:\/\/www.janabarillova.sk\/?p=215"},"wordCount":120,"commentCount":0,"publisher":{"@id":"https:\/\/www.janabarillova.sk\/#organization"},"articleSection":["Pre deti"],"inLanguage":"sk-SK","potentialAction":[{"@type":"CommentAction","name":"Comment","target":["https:\/\/www.janabarillova.sk\/?p=215#respond"]}]},{"@type":"WebPage","@id":"https:\/\/www.janabarillova.sk\/?p=215","url":"https:\/\/www.janabarillova.sk\/?p=215","name":"P\u00daPAVA - Jana Barillov\u00e1","isPartOf":{"@id":"https:\/\/www.janabarillova.sk\/#website"},"datePublished":"2023-10-10T18:00:57+00:00","dateModified":"2023-10-16T15:53:29+00:00","breadcrumb":{"@id":"https:\/\/www.janabarillova.sk\/?p=215#breadcrumb"},"inLanguage":"sk-SK","potentialAction":[{"@type":"ReadAction","target":["https:\/\/www.janabarillova.sk\/?p=215"]}]},{"@type":"BreadcrumbList","@id":"https:\/\/www.janabarillova.sk\/?p=215#breadcrumb","itemListElement":[{"@type":"ListItem","position":1,"name":"Home","item":"https:\/\/www.janabarillova.sk\/"},{"@type":"ListItem","position":2,"name":"P\u00daPAVA"}]},{"@type":"WebSite","@id":"https:\/\/www.janabarillova.sk\/#website","url":"https:\/\/www.janabarillova.sk\/","name":"Jana Barillov\u00e1","description":"B\u00e1sne nielen pre deti","publisher":{"@id":"https:\/\/www.janabarillova.sk\/#organization"},"potentialAction":[{"@type":"SearchAction","target":{"@type":"EntryPoint","urlTemplate":"https:\/\/www.janabarillova.sk\/?s={search_term_string}"},"query-input":"required name=search_term_string"}],"inLanguage":"sk-SK"},{"@type":"Organization","@id":"https:\/\/www.janabarillova.sk\/#organization","name":"Jana Barillov\u00e1","url":"https:\/\/www.janabarillova.sk\/","logo":{"@type":"ImageObject","inLanguage":"sk-SK","@id":"https:\/\/www.janabarillova.sk\/#\/schema\/logo\/image\/","url":"https:\/\/www.janabarillova.sk\/wp-content\/uploads\/2023\/09\/deti.png","contentUrl":"https:\/\/www.janabarillova.sk\/wp-content\/uploads\/2023\/09\/deti.png","width":2083,"height":895,"caption":"Jana Barillov\u00e1"},"image":{"@id":"https:\/\/www.janabarillova.sk\/#\/schema\/logo\/image\/"}},{"@type":"Person","@id":"https:\/\/www.janabarillova.sk\/#\/schema\/person\/72a9ca08e2dd56aa1025f78e50d865d3","name":"Jana Barillova","image":{"@type":"ImageObject","inLanguage":"sk-SK","@id":"https:\/\/www.janabarillova.sk\/#\/schema\/person\/image\/","url":"https:\/\/secure.gravatar.com\/avatar\/937f0fc6466c7a19e35463e1a4381197?s=96&d=mm&r=g","contentUrl":"https:\/\/secure.gravatar.com\/avatar\/937f0fc6466c7a19e35463e1a4381197?s=96&d=mm&r=g","caption":"Jana Barillova"},"url":"https:\/\/www.janabarillova.sk\/?author=2"}]}},"_links":{"self":[{"href":"https:\/\/www.janabarillova.sk\/index.php?rest_route=\/wp\/v2\/posts\/215"}],"collection":[{"href":"https:\/\/www.janabarillova.sk\/index.php?rest_route=\/wp\/v2\/posts"}],"about":[{"href":"https:\/\/www.janabarillova.sk\/index.php?rest_route=\/wp\/v2\/types\/post"}],"author":[{"embeddable":true,"href":"https:\/\/www.janabarillova.sk\/index.php?rest_route=\/wp\/v2\/users\/2"}],"replies":[{"embeddable":true,"href":"https:\/\/www.janabarillova.sk\/index.php?rest_route=%2Fwp%2Fv2%2Fcomments&post=215"}],"version-history":[{"count":3,"href":"https:\/\/www.janabarillova.sk\/index.php?rest_route=\/wp\/v2\/posts\/215\/revisions"}],"predecessor-version":[{"id":243,"href":"https:\/\/www.janabarillova.sk\/index.php?rest_route=\/wp\/v2\/posts\/215\/revisions\/243"}],"wp:featuredmedia":[{"embeddable":true,"href":"https:\/\/www.janabarillova.sk\/index.php?rest_route=\/wp\/v2\/media\/222"}],"wp:attachment":[{"href":"https:\/\/www.janabarillova.sk\/index.php?rest_route=%2Fwp%2Fv2%2Fmedia&parent=215"}],"wp:term":[{"taxonomy":"category","embeddable":true,"href":"https:\/\/www.janabarillova.sk\/index.php?rest_route=%2Fwp%2Fv2%2Fcategories&post=215"},{"taxonomy":"post_tag","embeddable":true,"href":"https:\/\/www.janabarillova.sk\/index.php?rest_route=%2Fwp%2Fv2%2Ftags&post=215"}],"curies":[{"name":"wp","href":"https:\/\/api.w.org\/{rel}","templated":true}]}}