{"id":190,"date":"2023-09-25T19:28:48","date_gmt":"2023-09-25T17:28:48","guid":{"rendered":"https:\/\/www.janabarillova.sk\/?p=190"},"modified":"2023-10-10T20:06:26","modified_gmt":"2023-10-10T18:06:26","slug":"cas-vianoc","status":"publish","type":"post","link":"https:\/\/www.janabarillova.sk\/?p=190","title":{"rendered":"\u010cas Vianoc"},"content":{"rendered":"<div class=\"wp-block-image\">\n<figure class=\"alignright is-resized\"><img decoding=\"async\" loading=\"lazy\" src=\"https:\/\/www.janabarillova.sk\/wp-content\/uploads\/2023\/09\/R-1-1024x740.jpg\" alt=\"\" width=\"464\" height=\"335\"\/><\/figure><\/div>\n\n\n<p>V\u017edy, ke\u010f \u010dak\u00e1\u0161 na z\u00e1zraky,<\/p>\n\n\n\n<p>ale \u017eiadny nechod\u00ed,<\/p>\n\n\n\n<p>vtedy sa chce v&nbsp;tvojom srdci<\/p>\n\n\n\n<p>mal\u00fd dar\u010dek narodi\u0165.<\/p>\n\n\n\n<p>Bl\u00ed\u017ei sa \u010das Vianoc bielych,<\/p>\n\n\n\n<p>atmosf\u00e9ra za\u010d\u00edna.<\/p>\n\n\n\n<p>Pre\u017e\u00edva ju ka\u017ed\u00fd inak<\/p>\n\n\n\n<p>aj v&nbsp;ostatn\u00fdch krajin\u00e1ch.<\/p>\n\n\n\n<p>Mal\u00e9 die\u0165a v&nbsp;\u013eu\u010foch rastie,<\/p>\n\n\n\n<p>v&nbsp;ka\u017edom nehu rozp\u00e1li.<\/p>\n\n\n\n<p>Daj, Je\u017ei\u0161ko, nech s\u00fa \u0161\u0165astn\u00ed<\/p>\n\n\n\n<p>v\u0161etci, \u010do tu ostali.<\/p>\n\n\n\n<p>Vianoce m\u00e1\u0161 bl\u00edzko seba,<\/p>\n\n\n\n<p>dotkni sa ich dla\u0148ami<\/p>\n\n\n\n<p>a&nbsp;nau\u010d sa l\u00e1sky neb\u00e1\u0165.<\/p>\n\n\n\n<p>Ve\u010f je cel\u00e1 pred nami.<\/p>\n\n\n\n<p>V&nbsp;tomto \u010dase sme si bli\u017e\u0161\u00ed,<\/p>\n\n\n\n<p>h\u013ea\u010fme kraj\u0161ie na seba.<\/p>\n\n\n\n<p>V\u0161\u00edmajme si v\u00f4kol v\u0161etk\u00fdch.<\/p>\n\n\n\n<p>&nbsp;Viac n\u00e1m k&nbsp;tomu netreba.<\/p>\n\n\n\n<p>Autorka: Jana Barillov\u00e1<\/p>\n","protected":false},"excerpt":{"rendered":"<p>V\u017edy, ke\u010f \u010dak\u00e1\u0161 na z\u00e1zraky, ale \u017eiadny nechod\u00ed, vtedy sa chce v&nbsp;tvojom srdci mal\u00fd dar\u010dek narodi\u0165. Bl\u00ed\u017ei sa \u010das Vianoc bielych, atmosf\u00e9ra za\u010d\u00edna. Pre\u017e\u00edva ju ka\u017ed\u00fd inak aj v&nbsp;ostatn\u00fdch krajin\u00e1ch. Mal\u00e9 die\u0165a v&nbsp;\u013eu\u010foch rastie, v&nbsp;ka\u017edom nehu rozp\u00e1li. Daj, Je\u017ei\u0161ko, nech<\/p>\n","protected":false},"author":2,"featured_media":225,"comment_status":"open","ping_status":"open","sticky":false,"template":"","format":"standard","meta":{"_monsterinsights_skip_tracking":false,"_monsterinsights_sitenote_active":false,"_monsterinsights_sitenote_note":"","_monsterinsights_sitenote_category":0},"categories":[1],"tags":[],"aioseo_notices":[],"yoast_head":"<!-- This site is optimized with the Yoast SEO plugin v19.14 - https:\/\/yoast.com\/wordpress\/plugins\/seo\/ -->\n<title>\u010cas Vianoc - Jana Barillov\u00e1<\/title>\n<meta name=\"robots\" content=\"index, follow, max-snippet:-1, max-image-preview:large, max-video-preview:-1\" \/>\n<link rel=\"canonical\" href=\"https:\/\/www.janabarillova.sk\/?p=190\" \/>\n<meta property=\"og:locale\" content=\"sk_SK\" \/>\n<meta property=\"og:type\" content=\"article\" \/>\n<meta property=\"og:title\" content=\"\u010cas Vianoc - Jana Barillov\u00e1\" \/>\n<meta property=\"og:description\" content=\"V\u017edy, ke\u010f \u010dak\u00e1\u0161 na z\u00e1zraky, ale \u017eiadny nechod\u00ed, vtedy sa chce v&nbsp;tvojom srdci mal\u00fd dar\u010dek narodi\u0165. Bl\u00ed\u017ei sa \u010das Vianoc bielych, atmosf\u00e9ra za\u010d\u00edna. Pre\u017e\u00edva ju ka\u017ed\u00fd inak aj v&nbsp;ostatn\u00fdch krajin\u00e1ch. Mal\u00e9 die\u0165a v&nbsp;\u013eu\u010foch rastie, v&nbsp;ka\u017edom nehu rozp\u00e1li. Daj, Je\u017ei\u0161ko, nech\" \/>\n<meta property=\"og:url\" content=\"https:\/\/www.janabarillova.sk\/?p=190\" \/>\n<meta property=\"og:site_name\" content=\"Jana Barillov\u00e1\" \/>\n<meta property=\"article:published_time\" content=\"2023-09-25T17:28:48+00:00\" \/>\n<meta property=\"article:modified_time\" content=\"2023-10-10T18:06:26+00:00\" \/>\n<meta property=\"og:image\" content=\"https:\/\/www.janabarillova.sk\/wp-content\/uploads\/2023\/09\/R-1.jpg\" \/>\n\t<meta property=\"og:image:width\" content=\"1660\" \/>\n\t<meta property=\"og:image:height\" content=\"1200\" \/>\n\t<meta property=\"og:image:type\" content=\"image\/jpeg\" \/>\n<meta name=\"author\" content=\"Jana Barillova\" \/>\n<meta name=\"twitter:card\" content=\"summary_large_image\" \/>\n<meta name=\"twitter:label1\" content=\"Autor\" \/>\n\t<meta name=\"twitter:data1\" content=\"Jana Barillova\" \/>\n\t<meta name=\"twitter:label2\" content=\"Predpokladan\u00fd \u010das \u010d\u00edtania\" \/>\n\t<meta name=\"twitter:data2\" content=\"1 min\u00fata\" \/>\n<script type=\"application\/ld+json\" class=\"yoast-schema-graph\">{\"@context\":\"https:\/\/schema.org\",\"@graph\":[{\"@type\":\"Article\",\"@id\":\"https:\/\/www.janabarillova.sk\/?p=190#article\",\"isPartOf\":{\"@id\":\"https:\/\/www.janabarillova.sk\/?p=190\"},\"author\":{\"name\":\"Jana Barillova\",\"@id\":\"https:\/\/www.janabarillova.sk\/#\/schema\/person\/72a9ca08e2dd56aa1025f78e50d865d3\"},\"headline\":\"\u010cas Vianoc\",\"datePublished\":\"2023-09-25T17:28:48+00:00\",\"dateModified\":\"2023-10-10T18:06:26+00:00\",\"mainEntityOfPage\":{\"@id\":\"https:\/\/www.janabarillova.sk\/?p=190\"},\"wordCount\":128,\"commentCount\":0,\"publisher\":{\"@id\":\"https:\/\/www.janabarillova.sk\/#organization\"},\"articleSection\":[\"Pre deti\"],\"inLanguage\":\"sk-SK\",\"potentialAction\":[{\"@type\":\"CommentAction\",\"name\":\"Comment\",\"target\":[\"https:\/\/www.janabarillova.sk\/?p=190#respond\"]}]},{\"@type\":\"WebPage\",\"@id\":\"https:\/\/www.janabarillova.sk\/?p=190\",\"url\":\"https:\/\/www.janabarillova.sk\/?p=190\",\"name\":\"\u010cas Vianoc - Jana Barillov\u00e1\",\"isPartOf\":{\"@id\":\"https:\/\/www.janabarillova.sk\/#website\"},\"datePublished\":\"2023-09-25T17:28:48+00:00\",\"dateModified\":\"2023-10-10T18:06:26+00:00\",\"breadcrumb\":{\"@id\":\"https:\/\/www.janabarillova.sk\/?p=190#breadcrumb\"},\"inLanguage\":\"sk-SK\",\"potentialAction\":[{\"@type\":\"ReadAction\",\"target\":[\"https:\/\/www.janabarillova.sk\/?p=190\"]}]},{\"@type\":\"BreadcrumbList\",\"@id\":\"https:\/\/www.janabarillova.sk\/?p=190#breadcrumb\",\"itemListElement\":[{\"@type\":\"ListItem\",\"position\":1,\"name\":\"Home\",\"item\":\"https:\/\/www.janabarillova.sk\/\"},{\"@type\":\"ListItem\",\"position\":2,\"name\":\"\u010cas Vianoc\"}]},{\"@type\":\"WebSite\",\"@id\":\"https:\/\/www.janabarillova.sk\/#website\",\"url\":\"https:\/\/www.janabarillova.sk\/\",\"name\":\"Jana Barillov\u00e1\",\"description\":\"B\u00e1sne nielen pre deti\",\"publisher\":{\"@id\":\"https:\/\/www.janabarillova.sk\/#organization\"},\"potentialAction\":[{\"@type\":\"SearchAction\",\"target\":{\"@type\":\"EntryPoint\",\"urlTemplate\":\"https:\/\/www.janabarillova.sk\/?s={search_term_string}\"},\"query-input\":\"required name=search_term_string\"}],\"inLanguage\":\"sk-SK\"},{\"@type\":\"Organization\",\"@id\":\"https:\/\/www.janabarillova.sk\/#organization\",\"name\":\"Jana Barillov\u00e1\",\"url\":\"https:\/\/www.janabarillova.sk\/\",\"logo\":{\"@type\":\"ImageObject\",\"inLanguage\":\"sk-SK\",\"@id\":\"https:\/\/www.janabarillova.sk\/#\/schema\/logo\/image\/\",\"url\":\"https:\/\/www.janabarillova.sk\/wp-content\/uploads\/2023\/09\/deti.png\",\"contentUrl\":\"https:\/\/www.janabarillova.sk\/wp-content\/uploads\/2023\/09\/deti.png\",\"width\":2083,\"height\":895,\"caption\":\"Jana Barillov\u00e1\"},\"image\":{\"@id\":\"https:\/\/www.janabarillova.sk\/#\/schema\/logo\/image\/\"}},{\"@type\":\"Person\",\"@id\":\"https:\/\/www.janabarillova.sk\/#\/schema\/person\/72a9ca08e2dd56aa1025f78e50d865d3\",\"name\":\"Jana Barillova\",\"image\":{\"@type\":\"ImageObject\",\"inLanguage\":\"sk-SK\",\"@id\":\"https:\/\/www.janabarillova.sk\/#\/schema\/person\/image\/\",\"url\":\"https:\/\/secure.gravatar.com\/avatar\/937f0fc6466c7a19e35463e1a4381197?s=96&d=mm&r=g\",\"contentUrl\":\"https:\/\/secure.gravatar.com\/avatar\/937f0fc6466c7a19e35463e1a4381197?s=96&d=mm&r=g\",\"caption\":\"Jana Barillova\"},\"url\":\"https:\/\/www.janabarillova.sk\/?author=2\"}]}<\/script>\n<!-- \/ Yoast SEO plugin. -->","yoast_head_json":{"title":"\u010cas Vianoc - Jana Barillov\u00e1","robots":{"index":"index","follow":"follow","max-snippet":"max-snippet:-1","max-image-preview":"max-image-preview:large","max-video-preview":"max-video-preview:-1"},"canonical":"https:\/\/www.janabarillova.sk\/?p=190","og_locale":"sk_SK","og_type":"article","og_title":"\u010cas Vianoc - Jana Barillov\u00e1","og_description":"V\u017edy, ke\u010f \u010dak\u00e1\u0161 na z\u00e1zraky, ale \u017eiadny nechod\u00ed, vtedy sa chce v&nbsp;tvojom srdci mal\u00fd dar\u010dek narodi\u0165. Bl\u00ed\u017ei sa \u010das Vianoc bielych, atmosf\u00e9ra za\u010d\u00edna. Pre\u017e\u00edva ju ka\u017ed\u00fd inak aj v&nbsp;ostatn\u00fdch krajin\u00e1ch. Mal\u00e9 die\u0165a v&nbsp;\u013eu\u010foch rastie, v&nbsp;ka\u017edom nehu rozp\u00e1li. Daj, Je\u017ei\u0161ko, nech","og_url":"https:\/\/www.janabarillova.sk\/?p=190","og_site_name":"Jana Barillov\u00e1","article_published_time":"2023-09-25T17:28:48+00:00","article_modified_time":"2023-10-10T18:06:26+00:00","og_image":[{"width":1660,"height":1200,"url":"https:\/\/www.janabarillova.sk\/wp-content\/uploads\/2023\/09\/R-1.jpg","type":"image\/jpeg"}],"author":"Jana Barillova","twitter_card":"summary_large_image","twitter_misc":{"Autor":"Jana Barillova","Predpokladan\u00fd \u010das \u010d\u00edtania":"1 min\u00fata"},"schema":{"@context":"https:\/\/schema.org","@graph":[{"@type":"Article","@id":"https:\/\/www.janabarillova.sk\/?p=190#article","isPartOf":{"@id":"https:\/\/www.janabarillova.sk\/?p=190"},"author":{"name":"Jana Barillova","@id":"https:\/\/www.janabarillova.sk\/#\/schema\/person\/72a9ca08e2dd56aa1025f78e50d865d3"},"headline":"\u010cas Vianoc","datePublished":"2023-09-25T17:28:48+00:00","dateModified":"2023-10-10T18:06:26+00:00","mainEntityOfPage":{"@id":"https:\/\/www.janabarillova.sk\/?p=190"},"wordCount":128,"commentCount":0,"publisher":{"@id":"https:\/\/www.janabarillova.sk\/#organization"},"articleSection":["Pre deti"],"inLanguage":"sk-SK","potentialAction":[{"@type":"CommentAction","name":"Comment","target":["https:\/\/www.janabarillova.sk\/?p=190#respond"]}]},{"@type":"WebPage","@id":"https:\/\/www.janabarillova.sk\/?p=190","url":"https:\/\/www.janabarillova.sk\/?p=190","name":"\u010cas Vianoc - Jana Barillov\u00e1","isPartOf":{"@id":"https:\/\/www.janabarillova.sk\/#website"},"datePublished":"2023-09-25T17:28:48+00:00","dateModified":"2023-10-10T18:06:26+00:00","breadcrumb":{"@id":"https:\/\/www.janabarillova.sk\/?p=190#breadcrumb"},"inLanguage":"sk-SK","potentialAction":[{"@type":"ReadAction","target":["https:\/\/www.janabarillova.sk\/?p=190"]}]},{"@type":"BreadcrumbList","@id":"https:\/\/www.janabarillova.sk\/?p=190#breadcrumb","itemListElement":[{"@type":"ListItem","position":1,"name":"Home","item":"https:\/\/www.janabarillova.sk\/"},{"@type":"ListItem","position":2,"name":"\u010cas Vianoc"}]},{"@type":"WebSite","@id":"https:\/\/www.janabarillova.sk\/#website","url":"https:\/\/www.janabarillova.sk\/","name":"Jana Barillov\u00e1","description":"B\u00e1sne nielen pre deti","publisher":{"@id":"https:\/\/www.janabarillova.sk\/#organization"},"potentialAction":[{"@type":"SearchAction","target":{"@type":"EntryPoint","urlTemplate":"https:\/\/www.janabarillova.sk\/?s={search_term_string}"},"query-input":"required name=search_term_string"}],"inLanguage":"sk-SK"},{"@type":"Organization","@id":"https:\/\/www.janabarillova.sk\/#organization","name":"Jana Barillov\u00e1","url":"https:\/\/www.janabarillova.sk\/","logo":{"@type":"ImageObject","inLanguage":"sk-SK","@id":"https:\/\/www.janabarillova.sk\/#\/schema\/logo\/image\/","url":"https:\/\/www.janabarillova.sk\/wp-content\/uploads\/2023\/09\/deti.png","contentUrl":"https:\/\/www.janabarillova.sk\/wp-content\/uploads\/2023\/09\/deti.png","width":2083,"height":895,"caption":"Jana Barillov\u00e1"},"image":{"@id":"https:\/\/www.janabarillova.sk\/#\/schema\/logo\/image\/"}},{"@type":"Person","@id":"https:\/\/www.janabarillova.sk\/#\/schema\/person\/72a9ca08e2dd56aa1025f78e50d865d3","name":"Jana Barillova","image":{"@type":"ImageObject","inLanguage":"sk-SK","@id":"https:\/\/www.janabarillova.sk\/#\/schema\/person\/image\/","url":"https:\/\/secure.gravatar.com\/avatar\/937f0fc6466c7a19e35463e1a4381197?s=96&d=mm&r=g","contentUrl":"https:\/\/secure.gravatar.com\/avatar\/937f0fc6466c7a19e35463e1a4381197?s=96&d=mm&r=g","caption":"Jana Barillova"},"url":"https:\/\/www.janabarillova.sk\/?author=2"}]}},"_links":{"self":[{"href":"https:\/\/www.janabarillova.sk\/index.php?rest_route=\/wp\/v2\/posts\/190"}],"collection":[{"href":"https:\/\/www.janabarillova.sk\/index.php?rest_route=\/wp\/v2\/posts"}],"about":[{"href":"https:\/\/www.janabarillova.sk\/index.php?rest_route=\/wp\/v2\/types\/post"}],"author":[{"embeddable":true,"href":"https:\/\/www.janabarillova.sk\/index.php?rest_route=\/wp\/v2\/users\/2"}],"replies":[{"embeddable":true,"href":"https:\/\/www.janabarillova.sk\/index.php?rest_route=%2Fwp%2Fv2%2Fcomments&post=190"}],"version-history":[{"count":2,"href":"https:\/\/www.janabarillova.sk\/index.php?rest_route=\/wp\/v2\/posts\/190\/revisions"}],"predecessor-version":[{"id":227,"href":"https:\/\/www.janabarillova.sk\/index.php?rest_route=\/wp\/v2\/posts\/190\/revisions\/227"}],"wp:featuredmedia":[{"embeddable":true,"href":"https:\/\/www.janabarillova.sk\/index.php?rest_route=\/wp\/v2\/media\/225"}],"wp:attachment":[{"href":"https:\/\/www.janabarillova.sk\/index.php?rest_route=%2Fwp%2Fv2%2Fmedia&parent=190"}],"wp:term":[{"taxonomy":"category","embeddable":true,"href":"https:\/\/www.janabarillova.sk\/index.php?rest_route=%2Fwp%2Fv2%2Fcategories&post=190"},{"taxonomy":"post_tag","embeddable":true,"href":"https:\/\/www.janabarillova.sk\/index.php?rest_route=%2Fwp%2Fv2%2Ftags&post=190"}],"curies":[{"name":"wp","href":"https:\/\/api.w.org\/{rel}","templated":true}]}}