{"id":158,"date":"2023-09-25T19:11:06","date_gmt":"2023-09-25T17:11:06","guid":{"rendered":"https:\/\/www.janabarillova.sk\/?p=158"},"modified":"2023-09-25T19:11:06","modified_gmt":"2023-09-25T17:11:06","slug":"auticko","status":"publish","type":"post","link":"https:\/\/www.janabarillova.sk\/?p=158","title":{"rendered":"Aut\u00ed\u010dko"},"content":{"rendered":"\n<p>Fe\u0161n\u00fd p\u00e1nko Jan\u00ed\u010dko,<br>k\u00fapil si raz aut\u00ed\u010dko.<br>To mu roky sl\u00fa\u017eilo,<br>po mest\u00e1ch ho vozilo,<br><br>posl\u00fachalo na povel.<br>P\u00e1nko ale ochorel<br>a dal auto synovi.<br>Ten bezcitn\u00fd, surov\u00fd,<br><br>nebral oh\u013ead na plechy,<br>vozil na \u0148om i mechy<br>s cementom a tehlami.<br>Silu z auta vym\u00e1mil.<br><br>To u\u017e \u010falej nevl\u00e1dalo,<br>do baz\u00e1ru sa dostalo.<br>V zime, da\u017edi, hor\u00fa\u010dave<br>auto st\u00e1lo len na tr\u00e1ve.<br><br>Nikto ho u\u017e nemal r\u00e1d.<br>Ale d\u00e1ky \u010dudn\u00fd zvrat<br>udial sa v\u00e1m v letn\u00fd de\u0148,<br>ke\u010f si k\u00fapil auto \u010dlen<br><br>klubu miestnych veter\u00e1nov.<br>Autu svitlo nov\u00e9 r\u00e1no!<br>P\u00e1n ho cel\u00e9 opravil<br>i r\u00e1dio naladil.<br><br>A u\u017e fi\u010d\u00ed a u\u017e ide,<br>dostal sa mu nov\u00fd pr\u00eddel.<br>Dnes ho bav\u00ed op\u00e4\u0165 \u017ei\u0165,<br>na pretekoch z\u00e1vodi\u0165.&nbsp;<\/p>\n\n\n\n<p>Nap\u00edsala Jana Barillov\u00e1<\/p>\n\n\n\n<p><\/p>\n","protected":false},"excerpt":{"rendered":"<p>Fe\u0161n\u00fd p\u00e1nko Jan\u00ed\u010dko,k\u00fapil si raz aut\u00ed\u010dko.To mu roky sl\u00fa\u017eilo,po mest\u00e1ch ho vozilo, posl\u00fachalo na povel.P\u00e1nko ale ochorela dal auto synovi.Ten bezcitn\u00fd, surov\u00fd, nebral oh\u013ead na plechy,vozil na \u0148om i mechys cementom a tehlami.Silu z auta vym\u00e1mil. To u\u017e \u010falej nevl\u00e1dalo,do<\/p>\n","protected":false},"author":2,"featured_media":0,"comment_status":"open","ping_status":"open","sticky":false,"template":"","format":"standard","meta":{"_monsterinsights_skip_tracking":false,"_monsterinsights_sitenote_active":false,"_monsterinsights_sitenote_note":"","_monsterinsights_sitenote_category":0},"categories":[1],"tags":[],"aioseo_notices":[],"yoast_head":"<!-- This site is optimized with the Yoast SEO plugin v19.14 - https:\/\/yoast.com\/wordpress\/plugins\/seo\/ -->\n<title>Aut\u00ed\u010dko - Jana Barillov\u00e1<\/title>\n<meta name=\"robots\" content=\"index, follow, max-snippet:-1, max-image-preview:large, max-video-preview:-1\" \/>\n<link rel=\"canonical\" href=\"https:\/\/www.janabarillova.sk\/?p=158\" \/>\n<meta property=\"og:locale\" content=\"sk_SK\" \/>\n<meta property=\"og:type\" content=\"article\" \/>\n<meta property=\"og:title\" content=\"Aut\u00ed\u010dko - Jana Barillov\u00e1\" \/>\n<meta property=\"og:description\" content=\"Fe\u0161n\u00fd p\u00e1nko Jan\u00ed\u010dko,k\u00fapil si raz aut\u00ed\u010dko.To mu roky sl\u00fa\u017eilo,po mest\u00e1ch ho vozilo, posl\u00fachalo na povel.P\u00e1nko ale ochorela dal auto synovi.Ten bezcitn\u00fd, surov\u00fd, nebral oh\u013ead na plechy,vozil na \u0148om i mechys cementom a tehlami.Silu z auta vym\u00e1mil. To u\u017e \u010falej nevl\u00e1dalo,do\" \/>\n<meta property=\"og:url\" content=\"https:\/\/www.janabarillova.sk\/?p=158\" \/>\n<meta property=\"og:site_name\" content=\"Jana Barillov\u00e1\" \/>\n<meta property=\"article:published_time\" content=\"2023-09-25T17:11:06+00:00\" \/>\n<meta name=\"author\" content=\"Jana Barillova\" \/>\n<meta name=\"twitter:card\" content=\"summary_large_image\" \/>\n<meta name=\"twitter:label1\" content=\"Autor\" \/>\n\t<meta name=\"twitter:data1\" content=\"Jana Barillova\" \/>\n\t<meta name=\"twitter:label2\" content=\"Predpokladan\u00fd \u010das \u010d\u00edtania\" \/>\n\t<meta name=\"twitter:data2\" content=\"1 min\u00fata\" \/>\n<script type=\"application\/ld+json\" class=\"yoast-schema-graph\">{\"@context\":\"https:\/\/schema.org\",\"@graph\":[{\"@type\":\"Article\",\"@id\":\"https:\/\/www.janabarillova.sk\/?p=158#article\",\"isPartOf\":{\"@id\":\"https:\/\/www.janabarillova.sk\/?p=158\"},\"author\":{\"name\":\"Jana Barillova\",\"@id\":\"https:\/\/www.janabarillova.sk\/#\/schema\/person\/72a9ca08e2dd56aa1025f78e50d865d3\"},\"headline\":\"Aut\u00ed\u010dko\",\"datePublished\":\"2023-09-25T17:11:06+00:00\",\"dateModified\":\"2023-09-25T17:11:06+00:00\",\"mainEntityOfPage\":{\"@id\":\"https:\/\/www.janabarillova.sk\/?p=158\"},\"wordCount\":144,\"commentCount\":0,\"publisher\":{\"@id\":\"https:\/\/www.janabarillova.sk\/#organization\"},\"articleSection\":[\"Pre deti\"],\"inLanguage\":\"sk-SK\",\"potentialAction\":[{\"@type\":\"CommentAction\",\"name\":\"Comment\",\"target\":[\"https:\/\/www.janabarillova.sk\/?p=158#respond\"]}]},{\"@type\":\"WebPage\",\"@id\":\"https:\/\/www.janabarillova.sk\/?p=158\",\"url\":\"https:\/\/www.janabarillova.sk\/?p=158\",\"name\":\"Aut\u00ed\u010dko - Jana Barillov\u00e1\",\"isPartOf\":{\"@id\":\"https:\/\/www.janabarillova.sk\/#website\"},\"datePublished\":\"2023-09-25T17:11:06+00:00\",\"dateModified\":\"2023-09-25T17:11:06+00:00\",\"breadcrumb\":{\"@id\":\"https:\/\/www.janabarillova.sk\/?p=158#breadcrumb\"},\"inLanguage\":\"sk-SK\",\"potentialAction\":[{\"@type\":\"ReadAction\",\"target\":[\"https:\/\/www.janabarillova.sk\/?p=158\"]}]},{\"@type\":\"BreadcrumbList\",\"@id\":\"https:\/\/www.janabarillova.sk\/?p=158#breadcrumb\",\"itemListElement\":[{\"@type\":\"ListItem\",\"position\":1,\"name\":\"Home\",\"item\":\"https:\/\/www.janabarillova.sk\/\"},{\"@type\":\"ListItem\",\"position\":2,\"name\":\"Aut\u00ed\u010dko\"}]},{\"@type\":\"WebSite\",\"@id\":\"https:\/\/www.janabarillova.sk\/#website\",\"url\":\"https:\/\/www.janabarillova.sk\/\",\"name\":\"Jana Barillov\u00e1\",\"description\":\"B\u00e1sne nielen pre deti\",\"publisher\":{\"@id\":\"https:\/\/www.janabarillova.sk\/#organization\"},\"potentialAction\":[{\"@type\":\"SearchAction\",\"target\":{\"@type\":\"EntryPoint\",\"urlTemplate\":\"https:\/\/www.janabarillova.sk\/?s={search_term_string}\"},\"query-input\":\"required name=search_term_string\"}],\"inLanguage\":\"sk-SK\"},{\"@type\":\"Organization\",\"@id\":\"https:\/\/www.janabarillova.sk\/#organization\",\"name\":\"Jana Barillov\u00e1\",\"url\":\"https:\/\/www.janabarillova.sk\/\",\"logo\":{\"@type\":\"ImageObject\",\"inLanguage\":\"sk-SK\",\"@id\":\"https:\/\/www.janabarillova.sk\/#\/schema\/logo\/image\/\",\"url\":\"https:\/\/www.janabarillova.sk\/wp-content\/uploads\/2023\/09\/deti.png\",\"contentUrl\":\"https:\/\/www.janabarillova.sk\/wp-content\/uploads\/2023\/09\/deti.png\",\"width\":2083,\"height\":895,\"caption\":\"Jana Barillov\u00e1\"},\"image\":{\"@id\":\"https:\/\/www.janabarillova.sk\/#\/schema\/logo\/image\/\"}},{\"@type\":\"Person\",\"@id\":\"https:\/\/www.janabarillova.sk\/#\/schema\/person\/72a9ca08e2dd56aa1025f78e50d865d3\",\"name\":\"Jana Barillova\",\"image\":{\"@type\":\"ImageObject\",\"inLanguage\":\"sk-SK\",\"@id\":\"https:\/\/www.janabarillova.sk\/#\/schema\/person\/image\/\",\"url\":\"https:\/\/secure.gravatar.com\/avatar\/937f0fc6466c7a19e35463e1a4381197?s=96&d=mm&r=g\",\"contentUrl\":\"https:\/\/secure.gravatar.com\/avatar\/937f0fc6466c7a19e35463e1a4381197?s=96&d=mm&r=g\",\"caption\":\"Jana Barillova\"},\"url\":\"https:\/\/www.janabarillova.sk\/?author=2\"}]}<\/script>\n<!-- \/ Yoast SEO plugin. -->","yoast_head_json":{"title":"Aut\u00ed\u010dko - Jana Barillov\u00e1","robots":{"index":"index","follow":"follow","max-snippet":"max-snippet:-1","max-image-preview":"max-image-preview:large","max-video-preview":"max-video-preview:-1"},"canonical":"https:\/\/www.janabarillova.sk\/?p=158","og_locale":"sk_SK","og_type":"article","og_title":"Aut\u00ed\u010dko - Jana Barillov\u00e1","og_description":"Fe\u0161n\u00fd p\u00e1nko Jan\u00ed\u010dko,k\u00fapil si raz aut\u00ed\u010dko.To mu roky sl\u00fa\u017eilo,po mest\u00e1ch ho vozilo, posl\u00fachalo na povel.P\u00e1nko ale ochorela dal auto synovi.Ten bezcitn\u00fd, surov\u00fd, nebral oh\u013ead na plechy,vozil na \u0148om i mechys cementom a tehlami.Silu z auta vym\u00e1mil. To u\u017e \u010falej nevl\u00e1dalo,do","og_url":"https:\/\/www.janabarillova.sk\/?p=158","og_site_name":"Jana Barillov\u00e1","article_published_time":"2023-09-25T17:11:06+00:00","author":"Jana Barillova","twitter_card":"summary_large_image","twitter_misc":{"Autor":"Jana Barillova","Predpokladan\u00fd \u010das \u010d\u00edtania":"1 min\u00fata"},"schema":{"@context":"https:\/\/schema.org","@graph":[{"@type":"Article","@id":"https:\/\/www.janabarillova.sk\/?p=158#article","isPartOf":{"@id":"https:\/\/www.janabarillova.sk\/?p=158"},"author":{"name":"Jana Barillova","@id":"https:\/\/www.janabarillova.sk\/#\/schema\/person\/72a9ca08e2dd56aa1025f78e50d865d3"},"headline":"Aut\u00ed\u010dko","datePublished":"2023-09-25T17:11:06+00:00","dateModified":"2023-09-25T17:11:06+00:00","mainEntityOfPage":{"@id":"https:\/\/www.janabarillova.sk\/?p=158"},"wordCount":144,"commentCount":0,"publisher":{"@id":"https:\/\/www.janabarillova.sk\/#organization"},"articleSection":["Pre deti"],"inLanguage":"sk-SK","potentialAction":[{"@type":"CommentAction","name":"Comment","target":["https:\/\/www.janabarillova.sk\/?p=158#respond"]}]},{"@type":"WebPage","@id":"https:\/\/www.janabarillova.sk\/?p=158","url":"https:\/\/www.janabarillova.sk\/?p=158","name":"Aut\u00ed\u010dko - Jana Barillov\u00e1","isPartOf":{"@id":"https:\/\/www.janabarillova.sk\/#website"},"datePublished":"2023-09-25T17:11:06+00:00","dateModified":"2023-09-25T17:11:06+00:00","breadcrumb":{"@id":"https:\/\/www.janabarillova.sk\/?p=158#breadcrumb"},"inLanguage":"sk-SK","potentialAction":[{"@type":"ReadAction","target":["https:\/\/www.janabarillova.sk\/?p=158"]}]},{"@type":"BreadcrumbList","@id":"https:\/\/www.janabarillova.sk\/?p=158#breadcrumb","itemListElement":[{"@type":"ListItem","position":1,"name":"Home","item":"https:\/\/www.janabarillova.sk\/"},{"@type":"ListItem","position":2,"name":"Aut\u00ed\u010dko"}]},{"@type":"WebSite","@id":"https:\/\/www.janabarillova.sk\/#website","url":"https:\/\/www.janabarillova.sk\/","name":"Jana Barillov\u00e1","description":"B\u00e1sne nielen pre deti","publisher":{"@id":"https:\/\/www.janabarillova.sk\/#organization"},"potentialAction":[{"@type":"SearchAction","target":{"@type":"EntryPoint","urlTemplate":"https:\/\/www.janabarillova.sk\/?s={search_term_string}"},"query-input":"required name=search_term_string"}],"inLanguage":"sk-SK"},{"@type":"Organization","@id":"https:\/\/www.janabarillova.sk\/#organization","name":"Jana Barillov\u00e1","url":"https:\/\/www.janabarillova.sk\/","logo":{"@type":"ImageObject","inLanguage":"sk-SK","@id":"https:\/\/www.janabarillova.sk\/#\/schema\/logo\/image\/","url":"https:\/\/www.janabarillova.sk\/wp-content\/uploads\/2023\/09\/deti.png","contentUrl":"https:\/\/www.janabarillova.sk\/wp-content\/uploads\/2023\/09\/deti.png","width":2083,"height":895,"caption":"Jana Barillov\u00e1"},"image":{"@id":"https:\/\/www.janabarillova.sk\/#\/schema\/logo\/image\/"}},{"@type":"Person","@id":"https:\/\/www.janabarillova.sk\/#\/schema\/person\/72a9ca08e2dd56aa1025f78e50d865d3","name":"Jana Barillova","image":{"@type":"ImageObject","inLanguage":"sk-SK","@id":"https:\/\/www.janabarillova.sk\/#\/schema\/person\/image\/","url":"https:\/\/secure.gravatar.com\/avatar\/937f0fc6466c7a19e35463e1a4381197?s=96&d=mm&r=g","contentUrl":"https:\/\/secure.gravatar.com\/avatar\/937f0fc6466c7a19e35463e1a4381197?s=96&d=mm&r=g","caption":"Jana Barillova"},"url":"https:\/\/www.janabarillova.sk\/?author=2"}]}},"_links":{"self":[{"href":"https:\/\/www.janabarillova.sk\/index.php?rest_route=\/wp\/v2\/posts\/158"}],"collection":[{"href":"https:\/\/www.janabarillova.sk\/index.php?rest_route=\/wp\/v2\/posts"}],"about":[{"href":"https:\/\/www.janabarillova.sk\/index.php?rest_route=\/wp\/v2\/types\/post"}],"author":[{"embeddable":true,"href":"https:\/\/www.janabarillova.sk\/index.php?rest_route=\/wp\/v2\/users\/2"}],"replies":[{"embeddable":true,"href":"https:\/\/www.janabarillova.sk\/index.php?rest_route=%2Fwp%2Fv2%2Fcomments&post=158"}],"version-history":[{"count":1,"href":"https:\/\/www.janabarillova.sk\/index.php?rest_route=\/wp\/v2\/posts\/158\/revisions"}],"predecessor-version":[{"id":159,"href":"https:\/\/www.janabarillova.sk\/index.php?rest_route=\/wp\/v2\/posts\/158\/revisions\/159"}],"wp:attachment":[{"href":"https:\/\/www.janabarillova.sk\/index.php?rest_route=%2Fwp%2Fv2%2Fmedia&parent=158"}],"wp:term":[{"taxonomy":"category","embeddable":true,"href":"https:\/\/www.janabarillova.sk\/index.php?rest_route=%2Fwp%2Fv2%2Fcategories&post=158"},{"taxonomy":"post_tag","embeddable":true,"href":"https:\/\/www.janabarillova.sk\/index.php?rest_route=%2Fwp%2Fv2%2Ftags&post=158"}],"curies":[{"name":"wp","href":"https:\/\/api.w.org\/{rel}","templated":true}]}}