{"id":139,"date":"2023-09-25T19:02:40","date_gmt":"2023-09-25T17:02:40","guid":{"rendered":"https:\/\/www.janabarillova.sk\/?p=139"},"modified":"2024-01-14T15:42:24","modified_gmt":"2024-01-14T14:42:24","slug":"vankusik","status":"publish","type":"post","link":"https:\/\/www.janabarillova.sk\/?p=139","title":{"rendered":"Vank\u00fa\u0161ik"},"content":{"rendered":"\n<p>Ja som mal\u00fd vank\u00fa\u0161ik,<\/p>\n\n\n\n<p>nevyrovn\u00e1 sa mi nik.<\/p>\n\n\n\n<p>U\u0161it\u00fd som cel\u00fd z&nbsp;\u013eanu<\/p>\n\n\n\n<p>a&nbsp;\u0161kvrny mi nepristan\u00fa,\u201c<\/p>\n\n\n\n<p>rozm\u00fd\u0161\u013ea dnes par\u00e1dnik.<\/p>\n\n\n\n<p>Ke\u010f v\u0161ak pr\u00edde Dominik,<\/p>\n\n\n\n<p>vank\u00fa\u0161ik m\u00e1 po n\u00e1lade,<\/p>\n\n\n\n<p>lebo vid\u00ed zm\u00e4tok v\u0161ade.<\/p>\n\n\n\n<p>A&nbsp;dokonca, kde sa vzal,<\/p>\n\n\n\n<p>na stole aj ke\u010dup st\u00e1l.<\/p>\n\n\n\n<p>Vystra\u0161ene vank\u00fa\u0161 \u010dum\u00ed:<\/p>\n\n\n\n<p>\u201eKe\u010dup ide \u0165a\u017eko umy\u0165,\u201c<\/p>\n\n\n\n<p>myslel na to kratu\u010dko.<\/p>\n\n\n\n<p>Ke\u010f Dominik papu\u010dkou<\/p>\n\n\n\n<p>rozohnal sa v\u00f4kol seba,<\/p>\n\n\n\n<p>\u010do nastane, na to nedbal.<\/p>\n\n\n\n<p>Do ke\u010dupu narazil,<\/p>\n\n\n\n<p>\u010d\u00edm ho trochu urazil:<\/p>\n\n\n\n<p>\u201e\u00c1u, to bol\u00ed,\u201c ke\u010dup vrav\u00ed,<\/p>\n\n\n\n<p>u\u017e sa z&nbsp;neho \u010derve\u0148 val\u00ed<\/p>\n\n\n\n<p>na seda\u010dku, na vank\u00fa\u0161,<\/p>\n\n\n\n<p>za p\u00e1r sek\u00fand spravil sp\u00fa\u0161\u0165.<\/p>\n\n\n\n<p>\u010cerven\u00e1 je teraz v\u0161ade.<\/p>\n\n\n\n<p>A&nbsp;vank\u00fa\u0161 m\u00e1 po par\u00e1de.<\/p>\n\n\n\n<p>\u201eJa som chud\u00e1k vank\u00fa\u0161ik,<\/p>\n\n\n\n<p>nevyperie ma u\u017e nik,\u201c<\/p>\n\n\n\n<p>ron\u00ed slzy, sm\u00fatkom zmiera,<\/p>\n\n\n\n<p>\u013eanom sa chce poutiera\u0165.<\/p>\n\n\n\n<p>Na druh\u00fd de\u0148 na \u0161n\u00fare<\/p>\n\n\n\n<p>m\u00e1 my\u0161lienky ponur\u00e9:<\/p>\n\n\n\n<p>\u201eDnes som mokr\u00fd cel\u00fd v\u0161ade,<\/p>\n\n\n\n<p>op\u00e4\u0165 m\u00e1m ja po n\u00e1lade\u201c.<\/p>\n\n\n\n<p>Na dvore na \u0161n\u00fare je,<\/p>\n\n\n\n<p>slnko ho tak ohreje,<\/p>\n\n\n\n<p>vietor mu \u013ean ovieva,<\/p>\n\n\n\n<p>usp\u00e1vanku zaspieva.<\/p>\n\n\n\n<p>Po cel\u00fd de\u0148 visel tam,<\/p>\n\n\n\n<p>neodolal driemot\u00e1m.<\/p>\n\n\n\n<p>Ke\u010f sa prebral na posteli,<\/p>\n\n\n\n<p>zaplavil ho pocit skvel\u00fd.<\/p>\n\n\n\n<p>\u201eKr\u00e1sny som ja op\u00e4\u0165 , j\u00e9\u00e9j,<\/p>\n\n\n\n<p>po tej k\u00fare o\u010distnej.<\/p>\n\n\n\n<p>A&nbsp;spokojne sa dnes smeje,<\/p>\n\n\n\n<p>ve\u010f Dominik doma nie je.&nbsp;<\/p>\n\n\n\n<p>Nap\u00edsala: Jana Barillov\u00e1<\/p>\n\n\n\n<p>Z knihy: Z dom\u010deka pri lese<\/p>\n","protected":false},"excerpt":{"rendered":"<p>Ja som mal\u00fd vank\u00fa\u0161ik, nevyrovn\u00e1 sa mi nik. U\u0161it\u00fd som cel\u00fd z&nbsp;\u013eanu a&nbsp;\u0161kvrny mi nepristan\u00fa,\u201c rozm\u00fd\u0161\u013ea dnes par\u00e1dnik. Ke\u010f v\u0161ak pr\u00edde Dominik, vank\u00fa\u0161ik m\u00e1 po n\u00e1lade, lebo vid\u00ed zm\u00e4tok v\u0161ade. A&nbsp;dokonca, kde sa vzal, na stole aj ke\u010dup st\u00e1l. Vystra\u0161ene<\/p>\n","protected":false},"author":2,"featured_media":0,"comment_status":"open","ping_status":"open","sticky":false,"template":"","format":"standard","meta":{"_monsterinsights_skip_tracking":false,"_monsterinsights_sitenote_active":false,"_monsterinsights_sitenote_note":"","_monsterinsights_sitenote_category":0},"categories":[1],"tags":[],"aioseo_notices":[],"yoast_head":"<!-- This site is optimized with the Yoast SEO plugin v19.14 - https:\/\/yoast.com\/wordpress\/plugins\/seo\/ -->\n<title>Vank\u00fa\u0161ik - Jana Barillov\u00e1<\/title>\n<meta name=\"robots\" content=\"index, follow, max-snippet:-1, max-image-preview:large, max-video-preview:-1\" \/>\n<link rel=\"canonical\" href=\"https:\/\/www.janabarillova.sk\/?p=139\" \/>\n<meta property=\"og:locale\" content=\"sk_SK\" \/>\n<meta property=\"og:type\" content=\"article\" \/>\n<meta property=\"og:title\" content=\"Vank\u00fa\u0161ik - Jana Barillov\u00e1\" \/>\n<meta property=\"og:description\" content=\"Ja som mal\u00fd vank\u00fa\u0161ik, nevyrovn\u00e1 sa mi nik. U\u0161it\u00fd som cel\u00fd z&nbsp;\u013eanu a&nbsp;\u0161kvrny mi nepristan\u00fa,\u201c rozm\u00fd\u0161\u013ea dnes par\u00e1dnik. Ke\u010f v\u0161ak pr\u00edde Dominik, vank\u00fa\u0161ik m\u00e1 po n\u00e1lade, lebo vid\u00ed zm\u00e4tok v\u0161ade. A&nbsp;dokonca, kde sa vzal, na stole aj ke\u010dup st\u00e1l. Vystra\u0161ene\" \/>\n<meta property=\"og:url\" content=\"https:\/\/www.janabarillova.sk\/?p=139\" \/>\n<meta property=\"og:site_name\" content=\"Jana Barillov\u00e1\" \/>\n<meta property=\"article:published_time\" content=\"2023-09-25T17:02:40+00:00\" \/>\n<meta property=\"article:modified_time\" content=\"2024-01-14T14:42:24+00:00\" \/>\n<meta name=\"author\" content=\"Jana Barillova\" \/>\n<meta name=\"twitter:card\" content=\"summary_large_image\" \/>\n<meta name=\"twitter:label1\" content=\"Autor\" \/>\n\t<meta name=\"twitter:data1\" content=\"Jana Barillova\" \/>\n\t<meta name=\"twitter:label2\" content=\"Predpokladan\u00fd \u010das \u010d\u00edtania\" \/>\n\t<meta name=\"twitter:data2\" content=\"2 min\u00faty\" \/>\n<script type=\"application\/ld+json\" class=\"yoast-schema-graph\">{\"@context\":\"https:\/\/schema.org\",\"@graph\":[{\"@type\":\"Article\",\"@id\":\"https:\/\/www.janabarillova.sk\/?p=139#article\",\"isPartOf\":{\"@id\":\"https:\/\/www.janabarillova.sk\/?p=139\"},\"author\":{\"name\":\"Jana Barillova\",\"@id\":\"https:\/\/www.janabarillova.sk\/#\/schema\/person\/72a9ca08e2dd56aa1025f78e50d865d3\"},\"headline\":\"Vank\u00fa\u0161ik\",\"datePublished\":\"2023-09-25T17:02:40+00:00\",\"dateModified\":\"2024-01-14T14:42:24+00:00\",\"mainEntityOfPage\":{\"@id\":\"https:\/\/www.janabarillova.sk\/?p=139\"},\"wordCount\":245,\"commentCount\":0,\"publisher\":{\"@id\":\"https:\/\/www.janabarillova.sk\/#organization\"},\"articleSection\":[\"Pre deti\"],\"inLanguage\":\"sk-SK\",\"potentialAction\":[{\"@type\":\"CommentAction\",\"name\":\"Comment\",\"target\":[\"https:\/\/www.janabarillova.sk\/?p=139#respond\"]}]},{\"@type\":\"WebPage\",\"@id\":\"https:\/\/www.janabarillova.sk\/?p=139\",\"url\":\"https:\/\/www.janabarillova.sk\/?p=139\",\"name\":\"Vank\u00fa\u0161ik - Jana Barillov\u00e1\",\"isPartOf\":{\"@id\":\"https:\/\/www.janabarillova.sk\/#website\"},\"datePublished\":\"2023-09-25T17:02:40+00:00\",\"dateModified\":\"2024-01-14T14:42:24+00:00\",\"breadcrumb\":{\"@id\":\"https:\/\/www.janabarillova.sk\/?p=139#breadcrumb\"},\"inLanguage\":\"sk-SK\",\"potentialAction\":[{\"@type\":\"ReadAction\",\"target\":[\"https:\/\/www.janabarillova.sk\/?p=139\"]}]},{\"@type\":\"BreadcrumbList\",\"@id\":\"https:\/\/www.janabarillova.sk\/?p=139#breadcrumb\",\"itemListElement\":[{\"@type\":\"ListItem\",\"position\":1,\"name\":\"Home\",\"item\":\"https:\/\/www.janabarillova.sk\/\"},{\"@type\":\"ListItem\",\"position\":2,\"name\":\"Vank\u00fa\u0161ik\"}]},{\"@type\":\"WebSite\",\"@id\":\"https:\/\/www.janabarillova.sk\/#website\",\"url\":\"https:\/\/www.janabarillova.sk\/\",\"name\":\"Jana Barillov\u00e1\",\"description\":\"B\u00e1sne nielen pre deti\",\"publisher\":{\"@id\":\"https:\/\/www.janabarillova.sk\/#organization\"},\"potentialAction\":[{\"@type\":\"SearchAction\",\"target\":{\"@type\":\"EntryPoint\",\"urlTemplate\":\"https:\/\/www.janabarillova.sk\/?s={search_term_string}\"},\"query-input\":\"required name=search_term_string\"}],\"inLanguage\":\"sk-SK\"},{\"@type\":\"Organization\",\"@id\":\"https:\/\/www.janabarillova.sk\/#organization\",\"name\":\"Jana Barillov\u00e1\",\"url\":\"https:\/\/www.janabarillova.sk\/\",\"logo\":{\"@type\":\"ImageObject\",\"inLanguage\":\"sk-SK\",\"@id\":\"https:\/\/www.janabarillova.sk\/#\/schema\/logo\/image\/\",\"url\":\"https:\/\/www.janabarillova.sk\/wp-content\/uploads\/2023\/09\/deti.png\",\"contentUrl\":\"https:\/\/www.janabarillova.sk\/wp-content\/uploads\/2023\/09\/deti.png\",\"width\":2083,\"height\":895,\"caption\":\"Jana Barillov\u00e1\"},\"image\":{\"@id\":\"https:\/\/www.janabarillova.sk\/#\/schema\/logo\/image\/\"}},{\"@type\":\"Person\",\"@id\":\"https:\/\/www.janabarillova.sk\/#\/schema\/person\/72a9ca08e2dd56aa1025f78e50d865d3\",\"name\":\"Jana Barillova\",\"image\":{\"@type\":\"ImageObject\",\"inLanguage\":\"sk-SK\",\"@id\":\"https:\/\/www.janabarillova.sk\/#\/schema\/person\/image\/\",\"url\":\"https:\/\/secure.gravatar.com\/avatar\/937f0fc6466c7a19e35463e1a4381197?s=96&d=mm&r=g\",\"contentUrl\":\"https:\/\/secure.gravatar.com\/avatar\/937f0fc6466c7a19e35463e1a4381197?s=96&d=mm&r=g\",\"caption\":\"Jana Barillova\"},\"url\":\"https:\/\/www.janabarillova.sk\/?author=2\"}]}<\/script>\n<!-- \/ Yoast SEO plugin. -->","yoast_head_json":{"title":"Vank\u00fa\u0161ik - Jana Barillov\u00e1","robots":{"index":"index","follow":"follow","max-snippet":"max-snippet:-1","max-image-preview":"max-image-preview:large","max-video-preview":"max-video-preview:-1"},"canonical":"https:\/\/www.janabarillova.sk\/?p=139","og_locale":"sk_SK","og_type":"article","og_title":"Vank\u00fa\u0161ik - Jana Barillov\u00e1","og_description":"Ja som mal\u00fd vank\u00fa\u0161ik, nevyrovn\u00e1 sa mi nik. U\u0161it\u00fd som cel\u00fd z&nbsp;\u013eanu a&nbsp;\u0161kvrny mi nepristan\u00fa,\u201c rozm\u00fd\u0161\u013ea dnes par\u00e1dnik. Ke\u010f v\u0161ak pr\u00edde Dominik, vank\u00fa\u0161ik m\u00e1 po n\u00e1lade, lebo vid\u00ed zm\u00e4tok v\u0161ade. A&nbsp;dokonca, kde sa vzal, na stole aj ke\u010dup st\u00e1l. Vystra\u0161ene","og_url":"https:\/\/www.janabarillova.sk\/?p=139","og_site_name":"Jana Barillov\u00e1","article_published_time":"2023-09-25T17:02:40+00:00","article_modified_time":"2024-01-14T14:42:24+00:00","author":"Jana Barillova","twitter_card":"summary_large_image","twitter_misc":{"Autor":"Jana Barillova","Predpokladan\u00fd \u010das \u010d\u00edtania":"2 min\u00faty"},"schema":{"@context":"https:\/\/schema.org","@graph":[{"@type":"Article","@id":"https:\/\/www.janabarillova.sk\/?p=139#article","isPartOf":{"@id":"https:\/\/www.janabarillova.sk\/?p=139"},"author":{"name":"Jana Barillova","@id":"https:\/\/www.janabarillova.sk\/#\/schema\/person\/72a9ca08e2dd56aa1025f78e50d865d3"},"headline":"Vank\u00fa\u0161ik","datePublished":"2023-09-25T17:02:40+00:00","dateModified":"2024-01-14T14:42:24+00:00","mainEntityOfPage":{"@id":"https:\/\/www.janabarillova.sk\/?p=139"},"wordCount":245,"commentCount":0,"publisher":{"@id":"https:\/\/www.janabarillova.sk\/#organization"},"articleSection":["Pre deti"],"inLanguage":"sk-SK","potentialAction":[{"@type":"CommentAction","name":"Comment","target":["https:\/\/www.janabarillova.sk\/?p=139#respond"]}]},{"@type":"WebPage","@id":"https:\/\/www.janabarillova.sk\/?p=139","url":"https:\/\/www.janabarillova.sk\/?p=139","name":"Vank\u00fa\u0161ik - Jana Barillov\u00e1","isPartOf":{"@id":"https:\/\/www.janabarillova.sk\/#website"},"datePublished":"2023-09-25T17:02:40+00:00","dateModified":"2024-01-14T14:42:24+00:00","breadcrumb":{"@id":"https:\/\/www.janabarillova.sk\/?p=139#breadcrumb"},"inLanguage":"sk-SK","potentialAction":[{"@type":"ReadAction","target":["https:\/\/www.janabarillova.sk\/?p=139"]}]},{"@type":"BreadcrumbList","@id":"https:\/\/www.janabarillova.sk\/?p=139#breadcrumb","itemListElement":[{"@type":"ListItem","position":1,"name":"Home","item":"https:\/\/www.janabarillova.sk\/"},{"@type":"ListItem","position":2,"name":"Vank\u00fa\u0161ik"}]},{"@type":"WebSite","@id":"https:\/\/www.janabarillova.sk\/#website","url":"https:\/\/www.janabarillova.sk\/","name":"Jana Barillov\u00e1","description":"B\u00e1sne nielen pre deti","publisher":{"@id":"https:\/\/www.janabarillova.sk\/#organization"},"potentialAction":[{"@type":"SearchAction","target":{"@type":"EntryPoint","urlTemplate":"https:\/\/www.janabarillova.sk\/?s={search_term_string}"},"query-input":"required name=search_term_string"}],"inLanguage":"sk-SK"},{"@type":"Organization","@id":"https:\/\/www.janabarillova.sk\/#organization","name":"Jana Barillov\u00e1","url":"https:\/\/www.janabarillova.sk\/","logo":{"@type":"ImageObject","inLanguage":"sk-SK","@id":"https:\/\/www.janabarillova.sk\/#\/schema\/logo\/image\/","url":"https:\/\/www.janabarillova.sk\/wp-content\/uploads\/2023\/09\/deti.png","contentUrl":"https:\/\/www.janabarillova.sk\/wp-content\/uploads\/2023\/09\/deti.png","width":2083,"height":895,"caption":"Jana Barillov\u00e1"},"image":{"@id":"https:\/\/www.janabarillova.sk\/#\/schema\/logo\/image\/"}},{"@type":"Person","@id":"https:\/\/www.janabarillova.sk\/#\/schema\/person\/72a9ca08e2dd56aa1025f78e50d865d3","name":"Jana Barillova","image":{"@type":"ImageObject","inLanguage":"sk-SK","@id":"https:\/\/www.janabarillova.sk\/#\/schema\/person\/image\/","url":"https:\/\/secure.gravatar.com\/avatar\/937f0fc6466c7a19e35463e1a4381197?s=96&d=mm&r=g","contentUrl":"https:\/\/secure.gravatar.com\/avatar\/937f0fc6466c7a19e35463e1a4381197?s=96&d=mm&r=g","caption":"Jana Barillova"},"url":"https:\/\/www.janabarillova.sk\/?author=2"}]}},"_links":{"self":[{"href":"https:\/\/www.janabarillova.sk\/index.php?rest_route=\/wp\/v2\/posts\/139"}],"collection":[{"href":"https:\/\/www.janabarillova.sk\/index.php?rest_route=\/wp\/v2\/posts"}],"about":[{"href":"https:\/\/www.janabarillova.sk\/index.php?rest_route=\/wp\/v2\/types\/post"}],"author":[{"embeddable":true,"href":"https:\/\/www.janabarillova.sk\/index.php?rest_route=\/wp\/v2\/users\/2"}],"replies":[{"embeddable":true,"href":"https:\/\/www.janabarillova.sk\/index.php?rest_route=%2Fwp%2Fv2%2Fcomments&post=139"}],"version-history":[{"count":2,"href":"https:\/\/www.janabarillova.sk\/index.php?rest_route=\/wp\/v2\/posts\/139\/revisions"}],"predecessor-version":[{"id":448,"href":"https:\/\/www.janabarillova.sk\/index.php?rest_route=\/wp\/v2\/posts\/139\/revisions\/448"}],"wp:attachment":[{"href":"https:\/\/www.janabarillova.sk\/index.php?rest_route=%2Fwp%2Fv2%2Fmedia&parent=139"}],"wp:term":[{"taxonomy":"category","embeddable":true,"href":"https:\/\/www.janabarillova.sk\/index.php?rest_route=%2Fwp%2Fv2%2Fcategories&post=139"},{"taxonomy":"post_tag","embeddable":true,"href":"https:\/\/www.janabarillova.sk\/index.php?rest_route=%2Fwp%2Fv2%2Ftags&post=139"}],"curies":[{"name":"wp","href":"https:\/\/api.w.org\/{rel}","templated":true}]}}