{"id":137,"date":"2023-09-25T19:01:58","date_gmt":"2023-09-25T17:01:58","guid":{"rendered":"https:\/\/www.janabarillova.sk\/?p=137"},"modified":"2023-09-25T19:01:59","modified_gmt":"2023-09-25T17:01:59","slug":"na-okraji-lesa-2","status":"publish","type":"post","link":"https:\/\/www.janabarillova.sk\/?p=137","title":{"rendered":"Na okraji lesa"},"content":{"rendered":"\n<p>Na okraji lesa<\/p>\n\n\n\n<p>mal\u00fd srn\u010dek pla\u010de:<\/p>\n\n\n\n<p>\u201eMamka moja, kde si?\u201c<\/p>\n\n\n\n<p>vpravo, v\u013eavo sk\u00e1\u010de<\/p>\n\n\n\n<p>a&nbsp;mami\u010dku h\u013ead\u00e1,<\/p>\n\n\n\n<p>ve\u010f teraz tu bola.<\/p>\n\n\n\n<p>Jeho smutn\u00fd piskot<\/p>\n\n\n\n<p>po\u010du\u0165 dookola.<\/p>\n\n\n\n<p>Zlietne k&nbsp;nemu vrana:<\/p>\n\n\n\n<p>\u201ePre\u010do pla\u010de\u0161, mal\u00fd?\u201c<\/p>\n\n\n\n<p>\u201eStratil som sa mamke,<\/p>\n\n\n\n<p>tro\u0161ku som sa vzdialil,<\/p>\n\n\n\n<p>a&nbsp;s\u00e1m som tu ostal,<\/p>\n\n\n\n<p>nikde nikto nie je.\u201c<\/p>\n\n\n\n<p>A&nbsp;slza sa dolu<\/p>\n\n\n\n<p>po py\u0161teku leje.<\/p>\n\n\n\n<p>\u201eNepla\u010d srn\u010dek mal\u00fd,<\/p>\n\n\n\n<p>ja ti pom\u00f4c\u0165 m\u00f4\u017eem.<\/p>\n\n\n\n<p>Ja viem lieta\u0165 toti\u017e.<\/p>\n\n\n\n<p>Po\u010dkaj chv\u00ed\u013eu, no\u017ee.\u201c<\/p>\n\n\n\n<p>A&nbsp;vzniesla sa&nbsp; nad les,<\/p>\n\n\n\n<p>v\u0161etko preletela.<\/p>\n\n\n\n<p>Zhora toho m\u00f4\u017ee<\/p>\n\n\n\n<p>vidie\u0165 ozaj ve\u013ea.<\/p>\n\n\n\n<p>\u201eAha, u\u017e ju vid\u00edm,\u201c<\/p>\n\n\n\n<p>pre seba si vrav\u00ed.<\/p>\n\n\n\n<p>Je to pocit skvel\u00fd,<\/p>\n\n\n\n<p>dobr\u00fd skutok spravi\u0165.<\/p>\n\n\n\n<p>Priletela k&nbsp;srne,<\/p>\n\n\n\n<p>t\u00e1 tie\u017e smutn\u00e1 bola.<\/p>\n\n\n\n<p>\u201eH\u013ead\u00e1\u0161 svojho syna?<\/p>\n\n\n\n<p>Aj on teba vol\u00e1.<\/p>\n\n\n\n<p>Cho\u010f t\u00fdm smerom k&nbsp;l\u00fake,<\/p>\n\n\n\n<p>tam na okraj lesa,<\/p>\n\n\n\n<p>tam so svojim synom<\/p>\n\n\n\n<p>isto stretnete sa.\u201c<\/p>\n\n\n\n<p>Srna r\u00fdchlo be\u017e\u00ed,<\/p>\n\n\n\n<p>ponad kmene sk\u00e1\u010de.<\/p>\n\n\n\n<p>A&nbsp;veru u\u017e po\u010du\u0165,<\/p>\n\n\n\n<p>kde jej die\u0165a pla\u010de.<\/p>\n\n\n\n<p>Ide za t\u00fdm pla\u010dom,<\/p>\n\n\n\n<p>srn\u010dek na \u0148u \u010dak\u00e1.<\/p>\n\n\n\n<p>\u013dutuje, \u017ee dal sa<\/p>\n\n\n\n<p>v\u00f4\u0148ou kvet\u00edn zl\u00e1ka\u0165.<\/p>\n\n\n\n<p>U\u017e s\u00fa op\u00e4\u0165 spolu,<\/p>\n\n\n\n<p>bok po boku id\u00fa.<\/p>\n\n\n\n<p>Ob\u010das n\u00e1m do cesty<\/p>\n\n\n\n<p>\u0165a\u017ek\u00e9 chv\u00edle pr\u00eddu,<\/p>\n\n\n\n<p>ke\u010f n\u00e1s nie\u010do bol\u00ed,<\/p>\n\n\n\n<p>ke\u010f n\u00e1s nie\u010do tr\u00e1pi.<\/p>\n\n\n\n<p>\u201ePo da\u017edi je jasno\u201c,<\/p>\n\n\n\n<p>tak\u00e1 m\u00fadros\u0165 plat\u00ed.<\/p>\n\n\n\n<p>Nap\u00edsala: Jana Barillov\u00e1<\/p>\n\n\n\n<p><\/p>\n","protected":false},"excerpt":{"rendered":"<p>Na okraji lesa mal\u00fd srn\u010dek pla\u010de: \u201eMamka moja, kde si?\u201c vpravo, v\u013eavo sk\u00e1\u010de a&nbsp;mami\u010dku h\u013ead\u00e1, ve\u010f teraz tu bola. Jeho smutn\u00fd piskot po\u010du\u0165 dookola. Zlietne k&nbsp;nemu vrana: \u201ePre\u010do pla\u010de\u0161, mal\u00fd?\u201c \u201eStratil som sa mamke, tro\u0161ku som sa vzdialil, a&nbsp;s\u00e1m som<\/p>\n","protected":false},"author":2,"featured_media":0,"comment_status":"open","ping_status":"open","sticky":false,"template":"","format":"standard","meta":{"_monsterinsights_skip_tracking":false,"_monsterinsights_sitenote_active":false,"_monsterinsights_sitenote_note":"","_monsterinsights_sitenote_category":0},"categories":[1],"tags":[],"aioseo_notices":[],"yoast_head":"<!-- This site is optimized with the Yoast SEO plugin v19.14 - https:\/\/yoast.com\/wordpress\/plugins\/seo\/ -->\n<title>Na okraji lesa - Jana Barillov\u00e1<\/title>\n<meta name=\"robots\" content=\"index, follow, max-snippet:-1, max-image-preview:large, max-video-preview:-1\" \/>\n<link rel=\"canonical\" href=\"https:\/\/www.janabarillova.sk\/?p=137\" \/>\n<meta property=\"og:locale\" content=\"sk_SK\" \/>\n<meta property=\"og:type\" content=\"article\" \/>\n<meta property=\"og:title\" content=\"Na okraji lesa - Jana Barillov\u00e1\" \/>\n<meta property=\"og:description\" content=\"Na okraji lesa mal\u00fd srn\u010dek pla\u010de: \u201eMamka moja, kde si?\u201c vpravo, v\u013eavo sk\u00e1\u010de a&nbsp;mami\u010dku h\u013ead\u00e1, ve\u010f teraz tu bola. Jeho smutn\u00fd piskot po\u010du\u0165 dookola. Zlietne k&nbsp;nemu vrana: \u201ePre\u010do pla\u010de\u0161, mal\u00fd?\u201c \u201eStratil som sa mamke, tro\u0161ku som sa vzdialil, a&nbsp;s\u00e1m som\" \/>\n<meta property=\"og:url\" content=\"https:\/\/www.janabarillova.sk\/?p=137\" \/>\n<meta property=\"og:site_name\" content=\"Jana Barillov\u00e1\" \/>\n<meta property=\"article:published_time\" content=\"2023-09-25T17:01:58+00:00\" \/>\n<meta property=\"article:modified_time\" content=\"2023-09-25T17:01:59+00:00\" \/>\n<meta name=\"author\" content=\"Jana Barillova\" \/>\n<meta name=\"twitter:card\" content=\"summary_large_image\" \/>\n<meta name=\"twitter:label1\" content=\"Autor\" \/>\n\t<meta name=\"twitter:data1\" content=\"Jana Barillova\" \/>\n\t<meta name=\"twitter:label2\" content=\"Predpokladan\u00fd \u010das \u010d\u00edtania\" \/>\n\t<meta name=\"twitter:data2\" content=\"2 min\u00faty\" \/>\n<script type=\"application\/ld+json\" class=\"yoast-schema-graph\">{\"@context\":\"https:\/\/schema.org\",\"@graph\":[{\"@type\":\"Article\",\"@id\":\"https:\/\/www.janabarillova.sk\/?p=137#article\",\"isPartOf\":{\"@id\":\"https:\/\/www.janabarillova.sk\/?p=137\"},\"author\":{\"name\":\"Jana Barillova\",\"@id\":\"https:\/\/www.janabarillova.sk\/#\/schema\/person\/72a9ca08e2dd56aa1025f78e50d865d3\"},\"headline\":\"Na okraji lesa\",\"datePublished\":\"2023-09-25T17:01:58+00:00\",\"dateModified\":\"2023-09-25T17:01:59+00:00\",\"mainEntityOfPage\":{\"@id\":\"https:\/\/www.janabarillova.sk\/?p=137\"},\"wordCount\":251,\"commentCount\":0,\"publisher\":{\"@id\":\"https:\/\/www.janabarillova.sk\/#organization\"},\"articleSection\":[\"Pre deti\"],\"inLanguage\":\"sk-SK\",\"potentialAction\":[{\"@type\":\"CommentAction\",\"name\":\"Comment\",\"target\":[\"https:\/\/www.janabarillova.sk\/?p=137#respond\"]}]},{\"@type\":\"WebPage\",\"@id\":\"https:\/\/www.janabarillova.sk\/?p=137\",\"url\":\"https:\/\/www.janabarillova.sk\/?p=137\",\"name\":\"Na okraji lesa - Jana Barillov\u00e1\",\"isPartOf\":{\"@id\":\"https:\/\/www.janabarillova.sk\/#website\"},\"datePublished\":\"2023-09-25T17:01:58+00:00\",\"dateModified\":\"2023-09-25T17:01:59+00:00\",\"breadcrumb\":{\"@id\":\"https:\/\/www.janabarillova.sk\/?p=137#breadcrumb\"},\"inLanguage\":\"sk-SK\",\"potentialAction\":[{\"@type\":\"ReadAction\",\"target\":[\"https:\/\/www.janabarillova.sk\/?p=137\"]}]},{\"@type\":\"BreadcrumbList\",\"@id\":\"https:\/\/www.janabarillova.sk\/?p=137#breadcrumb\",\"itemListElement\":[{\"@type\":\"ListItem\",\"position\":1,\"name\":\"Home\",\"item\":\"https:\/\/www.janabarillova.sk\/\"},{\"@type\":\"ListItem\",\"position\":2,\"name\":\"Na okraji lesa\"}]},{\"@type\":\"WebSite\",\"@id\":\"https:\/\/www.janabarillova.sk\/#website\",\"url\":\"https:\/\/www.janabarillova.sk\/\",\"name\":\"Jana Barillov\u00e1\",\"description\":\"B\u00e1sne nielen pre deti\",\"publisher\":{\"@id\":\"https:\/\/www.janabarillova.sk\/#organization\"},\"potentialAction\":[{\"@type\":\"SearchAction\",\"target\":{\"@type\":\"EntryPoint\",\"urlTemplate\":\"https:\/\/www.janabarillova.sk\/?s={search_term_string}\"},\"query-input\":\"required name=search_term_string\"}],\"inLanguage\":\"sk-SK\"},{\"@type\":\"Organization\",\"@id\":\"https:\/\/www.janabarillova.sk\/#organization\",\"name\":\"Jana Barillov\u00e1\",\"url\":\"https:\/\/www.janabarillova.sk\/\",\"logo\":{\"@type\":\"ImageObject\",\"inLanguage\":\"sk-SK\",\"@id\":\"https:\/\/www.janabarillova.sk\/#\/schema\/logo\/image\/\",\"url\":\"https:\/\/www.janabarillova.sk\/wp-content\/uploads\/2023\/09\/deti.png\",\"contentUrl\":\"https:\/\/www.janabarillova.sk\/wp-content\/uploads\/2023\/09\/deti.png\",\"width\":2083,\"height\":895,\"caption\":\"Jana Barillov\u00e1\"},\"image\":{\"@id\":\"https:\/\/www.janabarillova.sk\/#\/schema\/logo\/image\/\"}},{\"@type\":\"Person\",\"@id\":\"https:\/\/www.janabarillova.sk\/#\/schema\/person\/72a9ca08e2dd56aa1025f78e50d865d3\",\"name\":\"Jana Barillova\",\"image\":{\"@type\":\"ImageObject\",\"inLanguage\":\"sk-SK\",\"@id\":\"https:\/\/www.janabarillova.sk\/#\/schema\/person\/image\/\",\"url\":\"https:\/\/secure.gravatar.com\/avatar\/937f0fc6466c7a19e35463e1a4381197?s=96&d=mm&r=g\",\"contentUrl\":\"https:\/\/secure.gravatar.com\/avatar\/937f0fc6466c7a19e35463e1a4381197?s=96&d=mm&r=g\",\"caption\":\"Jana Barillova\"},\"url\":\"https:\/\/www.janabarillova.sk\/?author=2\"}]}<\/script>\n<!-- \/ Yoast SEO plugin. -->","yoast_head_json":{"title":"Na okraji lesa - Jana Barillov\u00e1","robots":{"index":"index","follow":"follow","max-snippet":"max-snippet:-1","max-image-preview":"max-image-preview:large","max-video-preview":"max-video-preview:-1"},"canonical":"https:\/\/www.janabarillova.sk\/?p=137","og_locale":"sk_SK","og_type":"article","og_title":"Na okraji lesa - Jana Barillov\u00e1","og_description":"Na okraji lesa mal\u00fd srn\u010dek pla\u010de: \u201eMamka moja, kde si?\u201c vpravo, v\u013eavo sk\u00e1\u010de a&nbsp;mami\u010dku h\u013ead\u00e1, ve\u010f teraz tu bola. Jeho smutn\u00fd piskot po\u010du\u0165 dookola. Zlietne k&nbsp;nemu vrana: \u201ePre\u010do pla\u010de\u0161, mal\u00fd?\u201c \u201eStratil som sa mamke, tro\u0161ku som sa vzdialil, a&nbsp;s\u00e1m som","og_url":"https:\/\/www.janabarillova.sk\/?p=137","og_site_name":"Jana Barillov\u00e1","article_published_time":"2023-09-25T17:01:58+00:00","article_modified_time":"2023-09-25T17:01:59+00:00","author":"Jana Barillova","twitter_card":"summary_large_image","twitter_misc":{"Autor":"Jana Barillova","Predpokladan\u00fd \u010das \u010d\u00edtania":"2 min\u00faty"},"schema":{"@context":"https:\/\/schema.org","@graph":[{"@type":"Article","@id":"https:\/\/www.janabarillova.sk\/?p=137#article","isPartOf":{"@id":"https:\/\/www.janabarillova.sk\/?p=137"},"author":{"name":"Jana Barillova","@id":"https:\/\/www.janabarillova.sk\/#\/schema\/person\/72a9ca08e2dd56aa1025f78e50d865d3"},"headline":"Na okraji lesa","datePublished":"2023-09-25T17:01:58+00:00","dateModified":"2023-09-25T17:01:59+00:00","mainEntityOfPage":{"@id":"https:\/\/www.janabarillova.sk\/?p=137"},"wordCount":251,"commentCount":0,"publisher":{"@id":"https:\/\/www.janabarillova.sk\/#organization"},"articleSection":["Pre deti"],"inLanguage":"sk-SK","potentialAction":[{"@type":"CommentAction","name":"Comment","target":["https:\/\/www.janabarillova.sk\/?p=137#respond"]}]},{"@type":"WebPage","@id":"https:\/\/www.janabarillova.sk\/?p=137","url":"https:\/\/www.janabarillova.sk\/?p=137","name":"Na okraji lesa - Jana Barillov\u00e1","isPartOf":{"@id":"https:\/\/www.janabarillova.sk\/#website"},"datePublished":"2023-09-25T17:01:58+00:00","dateModified":"2023-09-25T17:01:59+00:00","breadcrumb":{"@id":"https:\/\/www.janabarillova.sk\/?p=137#breadcrumb"},"inLanguage":"sk-SK","potentialAction":[{"@type":"ReadAction","target":["https:\/\/www.janabarillova.sk\/?p=137"]}]},{"@type":"BreadcrumbList","@id":"https:\/\/www.janabarillova.sk\/?p=137#breadcrumb","itemListElement":[{"@type":"ListItem","position":1,"name":"Home","item":"https:\/\/www.janabarillova.sk\/"},{"@type":"ListItem","position":2,"name":"Na okraji lesa"}]},{"@type":"WebSite","@id":"https:\/\/www.janabarillova.sk\/#website","url":"https:\/\/www.janabarillova.sk\/","name":"Jana Barillov\u00e1","description":"B\u00e1sne nielen pre deti","publisher":{"@id":"https:\/\/www.janabarillova.sk\/#organization"},"potentialAction":[{"@type":"SearchAction","target":{"@type":"EntryPoint","urlTemplate":"https:\/\/www.janabarillova.sk\/?s={search_term_string}"},"query-input":"required name=search_term_string"}],"inLanguage":"sk-SK"},{"@type":"Organization","@id":"https:\/\/www.janabarillova.sk\/#organization","name":"Jana Barillov\u00e1","url":"https:\/\/www.janabarillova.sk\/","logo":{"@type":"ImageObject","inLanguage":"sk-SK","@id":"https:\/\/www.janabarillova.sk\/#\/schema\/logo\/image\/","url":"https:\/\/www.janabarillova.sk\/wp-content\/uploads\/2023\/09\/deti.png","contentUrl":"https:\/\/www.janabarillova.sk\/wp-content\/uploads\/2023\/09\/deti.png","width":2083,"height":895,"caption":"Jana Barillov\u00e1"},"image":{"@id":"https:\/\/www.janabarillova.sk\/#\/schema\/logo\/image\/"}},{"@type":"Person","@id":"https:\/\/www.janabarillova.sk\/#\/schema\/person\/72a9ca08e2dd56aa1025f78e50d865d3","name":"Jana Barillova","image":{"@type":"ImageObject","inLanguage":"sk-SK","@id":"https:\/\/www.janabarillova.sk\/#\/schema\/person\/image\/","url":"https:\/\/secure.gravatar.com\/avatar\/937f0fc6466c7a19e35463e1a4381197?s=96&d=mm&r=g","contentUrl":"https:\/\/secure.gravatar.com\/avatar\/937f0fc6466c7a19e35463e1a4381197?s=96&d=mm&r=g","caption":"Jana Barillova"},"url":"https:\/\/www.janabarillova.sk\/?author=2"}]}},"_links":{"self":[{"href":"https:\/\/www.janabarillova.sk\/index.php?rest_route=\/wp\/v2\/posts\/137"}],"collection":[{"href":"https:\/\/www.janabarillova.sk\/index.php?rest_route=\/wp\/v2\/posts"}],"about":[{"href":"https:\/\/www.janabarillova.sk\/index.php?rest_route=\/wp\/v2\/types\/post"}],"author":[{"embeddable":true,"href":"https:\/\/www.janabarillova.sk\/index.php?rest_route=\/wp\/v2\/users\/2"}],"replies":[{"embeddable":true,"href":"https:\/\/www.janabarillova.sk\/index.php?rest_route=%2Fwp%2Fv2%2Fcomments&post=137"}],"version-history":[{"count":1,"href":"https:\/\/www.janabarillova.sk\/index.php?rest_route=\/wp\/v2\/posts\/137\/revisions"}],"predecessor-version":[{"id":138,"href":"https:\/\/www.janabarillova.sk\/index.php?rest_route=\/wp\/v2\/posts\/137\/revisions\/138"}],"wp:attachment":[{"href":"https:\/\/www.janabarillova.sk\/index.php?rest_route=%2Fwp%2Fv2%2Fmedia&parent=137"}],"wp:term":[{"taxonomy":"category","embeddable":true,"href":"https:\/\/www.janabarillova.sk\/index.php?rest_route=%2Fwp%2Fv2%2Fcategories&post=137"},{"taxonomy":"post_tag","embeddable":true,"href":"https:\/\/www.janabarillova.sk\/index.php?rest_route=%2Fwp%2Fv2%2Ftags&post=137"}],"curies":[{"name":"wp","href":"https:\/\/api.w.org\/{rel}","templated":true}]}}