{"id":135,"date":"2023-09-25T19:00:10","date_gmt":"2023-09-25T17:00:10","guid":{"rendered":"https:\/\/www.janabarillova.sk\/?p=135"},"modified":"2024-01-14T15:28:32","modified_gmt":"2024-01-14T14:28:32","slug":"o-spinavom-steniatku","status":"publish","type":"post","link":"https:\/\/www.janabarillova.sk\/?p=135","title":{"rendered":"O \u0161pinavom \u0161teniatku"},"content":{"rendered":"\n<p>Zaf\u00fa\u013ean\u00e9 \u0161teniatko<\/p>\n\n\n\n<p>po ulici chod\u00ed.<\/p>\n\n\n\n<p>Pr\u00e1ve vy\u0161lo spod dreva,<\/p>\n\n\n\n<p>bolo tam dos\u0165 vody,<\/p>\n\n\n\n<p>bolo tam aj blato<\/p>\n\n\n\n<p>a&nbsp;bolo ho ve\u013ea.<\/p>\n\n\n\n<p>No hoci je ko\u017e\u00fa\u0161ka<\/p>\n\n\n\n<p>farba jeho biela,<\/p>\n\n\n\n<p>teraz cel\u00fd siv\u00fd je.<\/p>\n\n\n\n<p>Nepozn\u00e1 ho nikto.<\/p>\n\n\n\n<p>Boj\u00ed sa, \u017ee mami\u010dka<\/p>\n\n\n\n<p>vykri\u010d\u00ed ho isto.<\/p>\n\n\n\n<p>Pri\u0161iel k&nbsp;b\u00fade k&nbsp;dom\u010deku,<\/p>\n\n\n\n<p>k&nbsp;mamke si to cielil.<\/p>\n\n\n\n<p>\u201eTy nie si m\u00f4j pekn\u00fd syn,<\/p>\n\n\n\n<p>ten ma ko\u017euch biely!\u201c<\/p>\n\n\n\n<p>A&nbsp;tak ostal celkom s\u00e1m,<\/p>\n\n\n\n<p>bez domova chod\u00ed.<\/p>\n\n\n\n<p>Nepod\u00e1 mu nikto jes\u0165,<\/p>\n\n\n\n<p>ani misku vody.<\/p>\n\n\n\n<p>Dokonca i&nbsp;na da\u017edi,<\/p>\n\n\n\n<p>na ceste s\u00e1m \u010dup\u00ed.<\/p>\n\n\n\n<p>No nezbadal, \u017ee mu d\u00e1\u017e\u010f,<\/p>\n\n\n\n<p>umyl v\u0161etky chlpy.<\/p>\n\n\n\n<p>\u010cistu\u010dk\u00fd je, biely zas,<\/p>\n\n\n\n<p>ale smutn\u00fd st\u00e1le.<\/p>\n\n\n\n<p>Lebo je bez mami\u010dky,<\/p>\n\n\n\n<p>to ch\u00fa\u010fatko mal\u00e9.<\/p>\n\n\n\n<p>Mamka ho u\u017e z\u010faleka<\/p>\n\n\n\n<p>bielu\u010dk\u00e9ho zbad\u00e1.<\/p>\n\n\n\n<p>\u201eToto je m\u00f4j mal\u00fd syn\u201c,<\/p>\n\n\n\n<p>na\u0161la ho. Je rada.<\/p>\n\n\n\n<p>Prisko\u010dila k&nbsp;synkovi,<\/p>\n\n\n\n<p>obl\u00edzla mu py\u0161tek:<\/p>\n\n\n\n<p>Kde si bol, m\u00f4j tul\u00e1\u010dik,<\/p>\n\n\n\n<p>die\u0165a moje \u010dist\u00e9?\u201c<\/p>\n\n\n\n<p>\u201eMami, bol som st\u00e1le tu,<\/p>\n\n\n\n<p>tak\u00e1 vec sa stala,<\/p>\n\n\n\n<p>\u017ee ty si ma pri dome<\/p>\n\n\n\n<p>v\u00f4bec nespoznala.\u201c<\/p>\n\n\n\n<p>Mamka labkou m\u00e1vne len,<\/p>\n\n\n\n<p>oba mali smolu,<\/p>\n\n\n\n<p>netr\u00e1pia sa nad t\u00fdm viac.<\/p>\n\n\n\n<p>Ve\u010f s\u00fa zasa spolu.<\/p>\n\n\n\n<p>Nap\u00edsala: Jana Barillov\u00e1<\/p>\n\n\n\n<p><\/p>\n\n\n\n<figure class=\"wp-block-image is-resized\"><img decoding=\"async\" loading=\"lazy\" src=\"https:\/\/www.janabarillova.sk\/wp-content\/uploads\/2023\/09\/hh-150x150.jpg\" alt=\"\" width=\"314\" height=\"314\"\/><\/figure>\n","protected":false},"excerpt":{"rendered":"<p>Zaf\u00fa\u013ean\u00e9 \u0161teniatko po ulici chod\u00ed. Pr\u00e1ve vy\u0161lo spod dreva, bolo tam dos\u0165 vody, bolo tam aj blato a&nbsp;bolo ho ve\u013ea. No hoci je ko\u017e\u00fa\u0161ka farba jeho biela, teraz cel\u00fd siv\u00fd je. Nepozn\u00e1 ho nikto. Boj\u00ed sa, \u017ee mami\u010dka vykri\u010d\u00ed ho<\/p>\n","protected":false},"author":2,"featured_media":436,"comment_status":"open","ping_status":"open","sticky":false,"template":"","format":"standard","meta":{"_monsterinsights_skip_tracking":false,"_monsterinsights_sitenote_active":false,"_monsterinsights_sitenote_note":"","_monsterinsights_sitenote_category":0},"categories":[1],"tags":[],"aioseo_notices":[],"yoast_head":"<!-- This site is optimized with the Yoast SEO plugin v19.14 - https:\/\/yoast.com\/wordpress\/plugins\/seo\/ -->\n<title>O \u0161pinavom \u0161teniatku - Jana Barillov\u00e1<\/title>\n<meta name=\"robots\" content=\"index, follow, max-snippet:-1, max-image-preview:large, max-video-preview:-1\" \/>\n<link rel=\"canonical\" href=\"https:\/\/www.janabarillova.sk\/?p=135\" \/>\n<meta property=\"og:locale\" content=\"sk_SK\" \/>\n<meta property=\"og:type\" content=\"article\" \/>\n<meta property=\"og:title\" content=\"O \u0161pinavom \u0161teniatku - Jana Barillov\u00e1\" \/>\n<meta property=\"og:description\" content=\"Zaf\u00fa\u013ean\u00e9 \u0161teniatko po ulici chod\u00ed. Pr\u00e1ve vy\u0161lo spod dreva, bolo tam dos\u0165 vody, bolo tam aj blato a&nbsp;bolo ho ve\u013ea. No hoci je ko\u017e\u00fa\u0161ka farba jeho biela, teraz cel\u00fd siv\u00fd je. Nepozn\u00e1 ho nikto. Boj\u00ed sa, \u017ee mami\u010dka vykri\u010d\u00ed ho\" \/>\n<meta property=\"og:url\" content=\"https:\/\/www.janabarillova.sk\/?p=135\" \/>\n<meta property=\"og:site_name\" content=\"Jana Barillov\u00e1\" \/>\n<meta property=\"article:published_time\" content=\"2023-09-25T17:00:10+00:00\" \/>\n<meta property=\"article:modified_time\" content=\"2024-01-14T14:28:32+00:00\" \/>\n<meta property=\"og:image\" content=\"https:\/\/www.janabarillova.sk\/wp-content\/uploads\/2023\/09\/hh.jpg\" \/>\n\t<meta property=\"og:image:width\" content=\"246\" \/>\n\t<meta property=\"og:image:height\" content=\"205\" \/>\n\t<meta property=\"og:image:type\" content=\"image\/jpeg\" \/>\n<meta name=\"author\" content=\"Jana Barillova\" \/>\n<meta name=\"twitter:card\" content=\"summary_large_image\" \/>\n<meta name=\"twitter:label1\" content=\"Autor\" \/>\n\t<meta name=\"twitter:data1\" content=\"Jana Barillova\" \/>\n\t<meta name=\"twitter:label2\" content=\"Predpokladan\u00fd \u010das \u010d\u00edtania\" \/>\n\t<meta name=\"twitter:data2\" content=\"2 min\u00faty\" \/>\n<script type=\"application\/ld+json\" class=\"yoast-schema-graph\">{\"@context\":\"https:\/\/schema.org\",\"@graph\":[{\"@type\":\"Article\",\"@id\":\"https:\/\/www.janabarillova.sk\/?p=135#article\",\"isPartOf\":{\"@id\":\"https:\/\/www.janabarillova.sk\/?p=135\"},\"author\":{\"name\":\"Jana Barillova\",\"@id\":\"https:\/\/www.janabarillova.sk\/#\/schema\/person\/72a9ca08e2dd56aa1025f78e50d865d3\"},\"headline\":\"O \u0161pinavom \u0161teniatku\",\"datePublished\":\"2023-09-25T17:00:10+00:00\",\"dateModified\":\"2024-01-14T14:28:32+00:00\",\"mainEntityOfPage\":{\"@id\":\"https:\/\/www.janabarillova.sk\/?p=135\"},\"wordCount\":218,\"commentCount\":0,\"publisher\":{\"@id\":\"https:\/\/www.janabarillova.sk\/#organization\"},\"articleSection\":[\"Pre deti\"],\"inLanguage\":\"sk-SK\",\"potentialAction\":[{\"@type\":\"CommentAction\",\"name\":\"Comment\",\"target\":[\"https:\/\/www.janabarillova.sk\/?p=135#respond\"]}]},{\"@type\":\"WebPage\",\"@id\":\"https:\/\/www.janabarillova.sk\/?p=135\",\"url\":\"https:\/\/www.janabarillova.sk\/?p=135\",\"name\":\"O \u0161pinavom \u0161teniatku - Jana Barillov\u00e1\",\"isPartOf\":{\"@id\":\"https:\/\/www.janabarillova.sk\/#website\"},\"datePublished\":\"2023-09-25T17:00:10+00:00\",\"dateModified\":\"2024-01-14T14:28:32+00:00\",\"breadcrumb\":{\"@id\":\"https:\/\/www.janabarillova.sk\/?p=135#breadcrumb\"},\"inLanguage\":\"sk-SK\",\"potentialAction\":[{\"@type\":\"ReadAction\",\"target\":[\"https:\/\/www.janabarillova.sk\/?p=135\"]}]},{\"@type\":\"BreadcrumbList\",\"@id\":\"https:\/\/www.janabarillova.sk\/?p=135#breadcrumb\",\"itemListElement\":[{\"@type\":\"ListItem\",\"position\":1,\"name\":\"Home\",\"item\":\"https:\/\/www.janabarillova.sk\/\"},{\"@type\":\"ListItem\",\"position\":2,\"name\":\"O \u0161pinavom \u0161teniatku\"}]},{\"@type\":\"WebSite\",\"@id\":\"https:\/\/www.janabarillova.sk\/#website\",\"url\":\"https:\/\/www.janabarillova.sk\/\",\"name\":\"Jana Barillov\u00e1\",\"description\":\"B\u00e1sne nielen pre deti\",\"publisher\":{\"@id\":\"https:\/\/www.janabarillova.sk\/#organization\"},\"potentialAction\":[{\"@type\":\"SearchAction\",\"target\":{\"@type\":\"EntryPoint\",\"urlTemplate\":\"https:\/\/www.janabarillova.sk\/?s={search_term_string}\"},\"query-input\":\"required name=search_term_string\"}],\"inLanguage\":\"sk-SK\"},{\"@type\":\"Organization\",\"@id\":\"https:\/\/www.janabarillova.sk\/#organization\",\"name\":\"Jana Barillov\u00e1\",\"url\":\"https:\/\/www.janabarillova.sk\/\",\"logo\":{\"@type\":\"ImageObject\",\"inLanguage\":\"sk-SK\",\"@id\":\"https:\/\/www.janabarillova.sk\/#\/schema\/logo\/image\/\",\"url\":\"https:\/\/www.janabarillova.sk\/wp-content\/uploads\/2023\/09\/deti.png\",\"contentUrl\":\"https:\/\/www.janabarillova.sk\/wp-content\/uploads\/2023\/09\/deti.png\",\"width\":2083,\"height\":895,\"caption\":\"Jana Barillov\u00e1\"},\"image\":{\"@id\":\"https:\/\/www.janabarillova.sk\/#\/schema\/logo\/image\/\"}},{\"@type\":\"Person\",\"@id\":\"https:\/\/www.janabarillova.sk\/#\/schema\/person\/72a9ca08e2dd56aa1025f78e50d865d3\",\"name\":\"Jana Barillova\",\"image\":{\"@type\":\"ImageObject\",\"inLanguage\":\"sk-SK\",\"@id\":\"https:\/\/www.janabarillova.sk\/#\/schema\/person\/image\/\",\"url\":\"https:\/\/secure.gravatar.com\/avatar\/937f0fc6466c7a19e35463e1a4381197?s=96&d=mm&r=g\",\"contentUrl\":\"https:\/\/secure.gravatar.com\/avatar\/937f0fc6466c7a19e35463e1a4381197?s=96&d=mm&r=g\",\"caption\":\"Jana Barillova\"},\"url\":\"https:\/\/www.janabarillova.sk\/?author=2\"}]}<\/script>\n<!-- \/ Yoast SEO plugin. -->","yoast_head_json":{"title":"O \u0161pinavom \u0161teniatku - Jana Barillov\u00e1","robots":{"index":"index","follow":"follow","max-snippet":"max-snippet:-1","max-image-preview":"max-image-preview:large","max-video-preview":"max-video-preview:-1"},"canonical":"https:\/\/www.janabarillova.sk\/?p=135","og_locale":"sk_SK","og_type":"article","og_title":"O \u0161pinavom \u0161teniatku - Jana Barillov\u00e1","og_description":"Zaf\u00fa\u013ean\u00e9 \u0161teniatko po ulici chod\u00ed. Pr\u00e1ve vy\u0161lo spod dreva, bolo tam dos\u0165 vody, bolo tam aj blato a&nbsp;bolo ho ve\u013ea. No hoci je ko\u017e\u00fa\u0161ka farba jeho biela, teraz cel\u00fd siv\u00fd je. Nepozn\u00e1 ho nikto. Boj\u00ed sa, \u017ee mami\u010dka vykri\u010d\u00ed ho","og_url":"https:\/\/www.janabarillova.sk\/?p=135","og_site_name":"Jana Barillov\u00e1","article_published_time":"2023-09-25T17:00:10+00:00","article_modified_time":"2024-01-14T14:28:32+00:00","og_image":[{"width":246,"height":205,"url":"https:\/\/www.janabarillova.sk\/wp-content\/uploads\/2023\/09\/hh.jpg","type":"image\/jpeg"}],"author":"Jana Barillova","twitter_card":"summary_large_image","twitter_misc":{"Autor":"Jana Barillova","Predpokladan\u00fd \u010das \u010d\u00edtania":"2 min\u00faty"},"schema":{"@context":"https:\/\/schema.org","@graph":[{"@type":"Article","@id":"https:\/\/www.janabarillova.sk\/?p=135#article","isPartOf":{"@id":"https:\/\/www.janabarillova.sk\/?p=135"},"author":{"name":"Jana Barillova","@id":"https:\/\/www.janabarillova.sk\/#\/schema\/person\/72a9ca08e2dd56aa1025f78e50d865d3"},"headline":"O \u0161pinavom \u0161teniatku","datePublished":"2023-09-25T17:00:10+00:00","dateModified":"2024-01-14T14:28:32+00:00","mainEntityOfPage":{"@id":"https:\/\/www.janabarillova.sk\/?p=135"},"wordCount":218,"commentCount":0,"publisher":{"@id":"https:\/\/www.janabarillova.sk\/#organization"},"articleSection":["Pre deti"],"inLanguage":"sk-SK","potentialAction":[{"@type":"CommentAction","name":"Comment","target":["https:\/\/www.janabarillova.sk\/?p=135#respond"]}]},{"@type":"WebPage","@id":"https:\/\/www.janabarillova.sk\/?p=135","url":"https:\/\/www.janabarillova.sk\/?p=135","name":"O \u0161pinavom \u0161teniatku - Jana Barillov\u00e1","isPartOf":{"@id":"https:\/\/www.janabarillova.sk\/#website"},"datePublished":"2023-09-25T17:00:10+00:00","dateModified":"2024-01-14T14:28:32+00:00","breadcrumb":{"@id":"https:\/\/www.janabarillova.sk\/?p=135#breadcrumb"},"inLanguage":"sk-SK","potentialAction":[{"@type":"ReadAction","target":["https:\/\/www.janabarillova.sk\/?p=135"]}]},{"@type":"BreadcrumbList","@id":"https:\/\/www.janabarillova.sk\/?p=135#breadcrumb","itemListElement":[{"@type":"ListItem","position":1,"name":"Home","item":"https:\/\/www.janabarillova.sk\/"},{"@type":"ListItem","position":2,"name":"O \u0161pinavom \u0161teniatku"}]},{"@type":"WebSite","@id":"https:\/\/www.janabarillova.sk\/#website","url":"https:\/\/www.janabarillova.sk\/","name":"Jana Barillov\u00e1","description":"B\u00e1sne nielen pre deti","publisher":{"@id":"https:\/\/www.janabarillova.sk\/#organization"},"potentialAction":[{"@type":"SearchAction","target":{"@type":"EntryPoint","urlTemplate":"https:\/\/www.janabarillova.sk\/?s={search_term_string}"},"query-input":"required name=search_term_string"}],"inLanguage":"sk-SK"},{"@type":"Organization","@id":"https:\/\/www.janabarillova.sk\/#organization","name":"Jana Barillov\u00e1","url":"https:\/\/www.janabarillova.sk\/","logo":{"@type":"ImageObject","inLanguage":"sk-SK","@id":"https:\/\/www.janabarillova.sk\/#\/schema\/logo\/image\/","url":"https:\/\/www.janabarillova.sk\/wp-content\/uploads\/2023\/09\/deti.png","contentUrl":"https:\/\/www.janabarillova.sk\/wp-content\/uploads\/2023\/09\/deti.png","width":2083,"height":895,"caption":"Jana Barillov\u00e1"},"image":{"@id":"https:\/\/www.janabarillova.sk\/#\/schema\/logo\/image\/"}},{"@type":"Person","@id":"https:\/\/www.janabarillova.sk\/#\/schema\/person\/72a9ca08e2dd56aa1025f78e50d865d3","name":"Jana Barillova","image":{"@type":"ImageObject","inLanguage":"sk-SK","@id":"https:\/\/www.janabarillova.sk\/#\/schema\/person\/image\/","url":"https:\/\/secure.gravatar.com\/avatar\/937f0fc6466c7a19e35463e1a4381197?s=96&d=mm&r=g","contentUrl":"https:\/\/secure.gravatar.com\/avatar\/937f0fc6466c7a19e35463e1a4381197?s=96&d=mm&r=g","caption":"Jana Barillova"},"url":"https:\/\/www.janabarillova.sk\/?author=2"}]}},"_links":{"self":[{"href":"https:\/\/www.janabarillova.sk\/index.php?rest_route=\/wp\/v2\/posts\/135"}],"collection":[{"href":"https:\/\/www.janabarillova.sk\/index.php?rest_route=\/wp\/v2\/posts"}],"about":[{"href":"https:\/\/www.janabarillova.sk\/index.php?rest_route=\/wp\/v2\/types\/post"}],"author":[{"embeddable":true,"href":"https:\/\/www.janabarillova.sk\/index.php?rest_route=\/wp\/v2\/users\/2"}],"replies":[{"embeddable":true,"href":"https:\/\/www.janabarillova.sk\/index.php?rest_route=%2Fwp%2Fv2%2Fcomments&post=135"}],"version-history":[{"count":2,"href":"https:\/\/www.janabarillova.sk\/index.php?rest_route=\/wp\/v2\/posts\/135\/revisions"}],"predecessor-version":[{"id":437,"href":"https:\/\/www.janabarillova.sk\/index.php?rest_route=\/wp\/v2\/posts\/135\/revisions\/437"}],"wp:featuredmedia":[{"embeddable":true,"href":"https:\/\/www.janabarillova.sk\/index.php?rest_route=\/wp\/v2\/media\/436"}],"wp:attachment":[{"href":"https:\/\/www.janabarillova.sk\/index.php?rest_route=%2Fwp%2Fv2%2Fmedia&parent=135"}],"wp:term":[{"taxonomy":"category","embeddable":true,"href":"https:\/\/www.janabarillova.sk\/index.php?rest_route=%2Fwp%2Fv2%2Fcategories&post=135"},{"taxonomy":"post_tag","embeddable":true,"href":"https:\/\/www.janabarillova.sk\/index.php?rest_route=%2Fwp%2Fv2%2Ftags&post=135"}],"curies":[{"name":"wp","href":"https:\/\/api.w.org\/{rel}","templated":true}]}}